{"id":100072,"date":"2020-03-04T06:33:07","date_gmt":"2020-03-04T09:33:07","guid":{"rendered":"http:\/\/argentinamunicipal.com.ar\/argentina\/?p=100072"},"modified":"2020-03-04T06:33:07","modified_gmt":"2020-03-04T09:33:07","slug":"los-municipales-santafesinos-empiezan-a-discutir-salarios-y-quieren-mas-que-la-clausula-gatillo","status":"publish","type":"post","link":"http:\/\/argentinamunicipal.com.ar\/argentina\/los-municipales-santafesinos-empiezan-a-discutir-salarios-y-quieren-mas-que-la-clausula-gatillo\/","title":{"rendered":"Los municipales santafesinos empiezan a discutir salarios y quieren m\u00e1s que la cl\u00e1usula gatillo"},"content":{"rendered":"<p>El secretario General de la Festram, Claudio Leoni, asegur\u00f3 que le quieren ganar a la inflaci\u00f3n. Tambi\u00e9n advirti\u00f3 que si no hay acuerdo para actualizar las asignaciones familiares recurrir\u00e1n a la Justicia.<\/p>\n<p>Este mi\u00e9rcoles, a las 15, est\u00e1 convocada la reuni\u00f3n para la paritaria de los trabajadores municipales. Horas antes se reunir\u00e1n los representantes paritarios de los gobiernos locales que de esa manera comenzar\u00e1n a diagramar una estrategia de negociaci\u00f3n en un momento econ\u00f3mico y financiero muy complicado.<\/p>\n<p>Pero los trabajadores nucleados en la Federaci\u00f3n de Sindicatos de Trabajadores Municipales (Festram) de Santa Fe tambi\u00e9n vienen manteniendo encuentros donde definieron algunos puntos a tratar con los intendentes. En di\u00e1logo con\u00a0UNO Santa Fe\u00a0el secretario General de Festram, Claudio Leoni, manifest\u00f3 que lo primero que se va a plantear es que \u00abse necesita un clima de paz social\u00bb para negociar.<\/p>\n<p>Claro est\u00e1 que la discusi\u00f3n salarial ser\u00e1 el tema central de la paritaria y en ese punto Leoni dijo que este a\u00f1o quieren que el salario le gane a la inflaci\u00f3n y que con ese objetivo la cl\u00e1usula gatillo no alcanza porque siembre va detr\u00e1s del aumento de los precios. Adem\u00e1s, dijo que son inaceptables\u00a0aumentos\u00a0con sumas no remunerativas porque \u00abese es un esquema que desfinancia a las obras sociales y a las cajas de jubilaciones\u00bb de los Estados locales. Tambi\u00e9n pondr\u00e1n sobre la mesa la actualizaci\u00f3n de las\u00a0asignaciones familiares\u00a0\u00abque tienen un desfasaje del 500 por ciento respecto de lo que paga Naci\u00f3n\u00bb.<\/p>\n<p>Respecto a los despidos, Leoni dijo que \u00abhay localidades que est\u00e1n produciendo despidos de trabajadores precarizados\u00bb y que lo que se pretende, por lo menos, es \u00abmantener los puestos de trabajo hasta que se d\u00e9 una soluci\u00f3n definitiva\u00bb a ese tipo de contrataciones. \u00abTambi\u00e9n tenemos el caso de Ceres donde tenemos despidos de trabajadores de planta permanente. En este esquema de tensi\u00f3n social es muy dif\u00edcil discutir una pol\u00edtica salarial\u00bb, advirti\u00f3.<\/p>\n<p>En tanto, al ser consultado sobre cu\u00e1ntos son los trabajadores despedidos, el sindicalista aclar\u00f3 que en Ceres ya se termin\u00f3 la conciliaci\u00f3n obligatoria, donde no se cerr\u00f3 el acuerdo, y que ah\u00ed \u00abhay un registro de 44 trabajadores despedidos; en Pozo Borrado son seis o siete. Mientras que se lograron reincorporar a todos los que hab\u00edan sido despedidos en Maciel\u00bb, detall\u00f3 y asegur\u00f3 que es una situaci\u00f3n que se repite cada vez que hay cambio de autoridades.<\/p>\n<p>\u00abVamos a pedir el mantenimiento de los puestos de trabajo como espacio para poder discutir otros temas, fundamentalmente salarios\u00bb, dijo Leoni y agreg\u00f3: \u00abPero otro de los temas que vamos a exigir es que definitivamente se actualicen las asignaciones familiares. Ese es un problema serio que tenemos hace muchos a\u00f1os donde la provincia de Santa Fe tiene un desfasaje de m\u00e1s del 500 por ciento respecto a lo que paga la Naci\u00f3n. Desde el gobierno de (Hermes) Binner que no hay actualizaci\u00f3n\u00bb.<\/p>\n<p>En ese \u00edtem los trabajadores municipales est\u00e1n \u00abatados\u00bb a la ley provincial. Pero el atraso es tan grande que el secretario General de la Festram advirti\u00f3 que \u00absi no hay una salida en conjunto para el sector p\u00fablico, como la responsabilidad inicial de pagar las asignaciones familiares la tienen las municipalidades, se van a promover acciones judiciales para la actualizaci\u00f3n\u00bb.<\/p>\n<p><strong>La pol\u00edtica salarial 2020<\/strong><\/p>\n<p>En este punto, Leoni dijo que en los primeros encuentros Festram va a exponer lo que ocurre en los municipios y comunas y lo que va a ocurrir en materia econ\u00f3mica y financiera. En ese sentido, advirti\u00f3 que la mayor\u00eda de los trabajadores municipales dependen de las cajas de jubilaci\u00f3n municipales, por lo tanto \u00abcualquier aumento de cifras no remunerativas o de montos fijos, que son inaceptables si no alcanzan a los trabajadores pasivos, son procesos de desfinanciamiento de las obras sociales y de las cajas de jubilaciones que las administramos directamente en los Estados locales\u00bb.<\/p>\n<p>\u00abEn lo salarial vamos a insistir con que tenemos que ser superadores a la cl\u00e1usula gatillo. Nuestra expectativa es convenir acuerdos salariales por encima de la inflaci\u00f3n y no por detr\u00e1s como es la cl\u00e1usula gatillo\u00bb, remarc\u00f3.<\/p>\n<p>Al ser preguntado sobre si los municipales van a plantear que no quieren la cl\u00e1usula gatillo, Leoni aclar\u00f3: \u00abNosotros hasta el 2015 ten\u00edamos acuerdos salariales que superaban en varios puntos a la inflaci\u00f3n. Despu\u00e9s la cl\u00e1usula gatillo lo que hizo fue hacer que perdamos menos de lo que perd\u00eda el resto. Pero la cl\u00e1usula gatillo viene por detr\u00e1s del proceso inflacionario y, adem\u00e1s, el salario pierde poder adquisitivo porque los alimentos y el tema tarifario son los que m\u00e1s impactan en el salario y la cl\u00e1usula gatillo toma el IPC (\u00cdndice de Precios al Consumidor) general. Nosotros no podemos considerar el impacto de las prepagas en el IPC porque nosotros tenemos obra social; o el tema del esparcimiento, que van haciendo reducir el impacto del \u00edndice. Nosotros tenemos puestos los ojos en el tema alimentos, vestimenta, canasta escolar, que son los que lamentablemente son los que aumentaron y son los que siguen aumentando\u00bb.<\/p>\n<p>Luego Leoni remarc\u00f3 que el proceso inflacionario que vivi\u00f3 la\u00a0Argentina\u00a0en los \u00faltimos a\u00f1os no fue culpa de los trabajadores y reconoci\u00f3 que con una inflaci\u00f3n, como la del a\u00f1o pasado, del 53 por ciento \u00abla cl\u00e1usula gatillo est\u00e1 tomada, m\u00e1s que como ir por detr\u00e1s de la inflaci\u00f3n, como un alivio para sostener el poder adquisitivo. De eso no hay ninguna duda\u00bb.<\/p>\n<p>\u00abAdem\u00e1s \u2013continu\u00f3\u2013, cuando uno se acostumbra a tener aumentos todos los meses, salir de ese esquema genera un cambio muy importante. Antes si se estimaba una inflaci\u00f3n del 25 por ciento, se acordaba un aumento escalonado y se llegaba a percibir el aumento antes de que se ejecutara la inflaci\u00f3n. Ese es el punto. Nosotros queremos que nos ofrezcan un porcentaje que nos permita tener el salario dos o tres meses por arriba de la inflaci\u00f3n, porque eso es lo que te permite defender el poder adquisitivo. Si el salario va detr\u00e1s de la inflaci\u00f3n, sea con baja o con hiperinflaci\u00f3n, siempre va detr\u00e1s\u00bb.<\/p>\n<p>\u2014\u00bfC\u00f3mo ve el escenario para este a\u00f1o donde hay consultoras privadas que proyectan un 42 por ciento de inflaci\u00f3n?\u2014No s\u00e9 si pensarlo en esos t\u00e9rminos. Nosotros tenemos convenios con consultoras que nos est\u00e1n dando entre el 36 y el 40 por ciento. Sobre esos esquemas vamos a tener que estar pensando y, si no llegamos con esos montos, tambi\u00e9n habr\u00e1 que pensar en un mecanismo de actualizaci\u00f3n.<\/p>\n<p>\u2014\u00bfC\u00f3mo analiza la oferta que la provincia le hizo a los docentes?<\/p>\n<p>\u2014Como los docentes, con un paro. Eso ya lo pensaron los docentes. Si ellos decidieron rechazarla es porque no est\u00e1n de acuerdo. No veo por qu\u00e9 vamos a estar de acuerdo nosotros que no somos docentes.<\/p>\n<p>\u2014Pero muchas veces los intendentes toman como par\u00e1metro la oferta que la provincia les hace a los docentes y a los estatales para hacer un ofrecimiento similar.<\/p>\n<p>\u2014No es tan as\u00ed. Nosotros tenemos la cl\u00e1usula gatillo completa todo el a\u00f1o, no como al sector p\u00fablico al que se le cort\u00f3 en noviembre. El \u00edndice inflacionario de diciembre lo cobramos con salario de enero. Es mucha la diferencia. Son dos meses de cuatro y pico por ciento, casi un 10 por ciento de diferencia. Nosotros sabemos que est\u00e1n en discusi\u00f3n recursos para los municipios con la ley (de Estado de Necesidad P\u00fablica, que se discute en Legislatura). No queremos ser parte de la discusi\u00f3n, pero evidentemente que hayan designado a la mayor\u00eda de los intendentes paritarios del Frente Progresista tendr\u00e1 algo que ver con el tema legislativo. Pero ese es un tema que nosotros no vamos a absorber. Para nosotros la ley es buena, no digo que lo sea para el resto. Pero por lo menos esa ley va a crear un fondo de 3.000 millones que los estamos necesitando para poder avanzar en el pago de salarios que tuvo algunos inconvenientes.<\/p>\n<p>\u2014\u00bfLo que me est\u00e1 diciendo, Leoni, es que los municipales no quieren quedar rehenes de esa discusi\u00f3n pol\u00edtica entre el gobierno y el Frente Progresista?<\/p>\n<p>\u2014No,claro. Pero si sale la ley vamos a ser beneficiados. Los municipios van a ser beneficiados.<\/p>\n<p>\u2014La coyuntura indica que los municipios hoy necesitan una mano de la provincia.<\/p>\n<p>\u2014Exactamente. Y la provincia lo condiciona a un acuerdo que parece que cada vez est\u00e1 m\u00e1s lejos en la Legislatura.<\/p>\n<h6>Fuente: Uno<\/h6>\n","protected":false},"excerpt":{"rendered":"<p>El secretario General de la Festram, Claudio Leoni, asegur\u00f3 que le quieren ganar a la inflaci\u00f3n. Tambi\u00e9n advirti\u00f3 que si no hay acuerdo para actualizar las asignaciones familiares recurrir\u00e1n a la Justicia.<\/p>\n","protected":false},"author":2,"featured_media":100073,"comment_status":"closed","ping_status":"closed","sticky":false,"template":"","format":"standard","meta":{"footnotes":""},"categories":[7],"tags":[10],"class_list":["post-100072","post","type-post","status-publish","format-standard","has-post-thumbnail","hentry","category-informe-sindical","tag-santa-fe"],"_links":{"self":[{"href":"http:\/\/argentinamunicipal.com.ar\/argentina\/wp-json\/wp\/v2\/posts\/100072","targetHints":{"allow":["GET"]}}],"collection":[{"href":"http:\/\/argentinamunicipal.com.ar\/argentina\/wp-json\/wp\/v2\/posts"}],"about":[{"href":"http:\/\/argentinamunicipal.com.ar\/argentina\/wp-json\/wp\/v2\/types\/post"}],"author":[{"embeddable":true,"href":"http:\/\/argentinamunicipal.com.ar\/argentina\/wp-json\/wp\/v2\/users\/2"}],"replies":[{"embeddable":true,"href":"http:\/\/argentinamunicipal.com.ar\/argentina\/wp-json\/wp\/v2\/comments?post=100072"}],"version-history":[{"count":0,"href":"http:\/\/argentinamunicipal.com.ar\/argentina\/wp-json\/wp\/v2\/posts\/100072\/revisions"}],"wp:featuredmedia":[{"embeddable":true,"href":"http:\/\/argentinamunicipal.com.ar\/argentina\/wp-json\/wp\/v2\/media\/100073"}],"wp:attachment":[{"href":"http:\/\/argentinamunicipal.com.ar\/argentina\/wp-json\/wp\/v2\/media?parent=100072"}],"wp:term":[{"taxonomy":"category","embeddable":true,"href":"http:\/\/argentinamunicipal.com.ar\/argentina\/wp-json\/wp\/v2\/categories?post=100072"},{"taxonomy":"post_tag","embeddable":true,"href":"http:\/\/argentinamunicipal.com.ar\/argentina\/wp-json\/wp\/v2\/tags?post=100072"}],"curies":[{"name":"wp","href":"https:\/\/api.w.org\/{rel}","templated":true}]}}