{"id":100114,"date":"2020-03-04T05:21:11","date_gmt":"2020-03-04T08:21:11","guid":{"rendered":"http:\/\/argentinamunicipal.com.ar\/argentina\/?p=100114"},"modified":"2020-03-04T07:23:55","modified_gmt":"2020-03-04T10:23:55","slug":"santa-fe-en-verde-la-cantidad-de-plazas-y-parques-y-su-importancia","status":"publish","type":"post","link":"http:\/\/argentinamunicipal.com.ar\/argentina\/santa-fe-en-verde-la-cantidad-de-plazas-y-parques-y-su-importancia\/","title":{"rendered":"Santa Fe en verde: la cantidad de plazas y parques y su importancia"},"content":{"rendered":"<p>El espacio Encuentro elabor\u00f3 un informe sobre espacios verdes p\u00fablicos, del que resulta que Santa Fe cuenta con menor cantidad de la recomendada en relaci\u00f3n al n\u00famero de habitantes. \u201cNos concentramos en espacios verdes p\u00fablicos, que cumplen funciones recreativas, como plazas, parques y paseos\u201d destac\u00f3 Lucas Simoniello, referente y concejal de la ciudad.<\/p>\n<p>Los espacios p\u00fablicos como plazas, parques y paseos son sumamente importantes para las ciudades y definen, en parte, la calidad de vida de quienes las habitan. En este tipo de lugares, se produce el encuentro con las dem\u00e1s personas; se presta al juego y al ejercicio de la actividad f\u00edsica; se alberga a los \u00e1rboles y a la vegetaci\u00f3n que hace al paisaje y a la naturaleza de la ciudad.<\/p>\n<p>Por esas y otras razones, diferentes organismos como la Organizaci\u00f3n Mundial de la Salud, recomiendan que exista entre 10 y 15 metros cuadrados de espacios verdes por habitante, cifras que sirven de referencia para el informe detallado, al igual que a otras fuentes como \u201cSanta Fe C\u00f3mo Vamos\u201d y estudios de Conicet.<\/p>\n<p>En Europa, ciudades pertenecientes a pa\u00edses del sur y este alcanzan estas cifras se\u00f1aladas. Por otro lado, si miramos a Latinoam\u00e9rica, se destaca Curitiba (Brasil) con alrededor de 50m2\/hab. En nuestro pa\u00eds, con la excepci\u00f3n de Rosario que declara contar con 11.88m2 de espacios verdes por habitante, las cifras se encuentran por debajo de lo recomendado: la ciudad de C\u00f3rdoba tiene 7.2m2\/hab., Capital Federal (C.A.B.A.) 6m2\/hab. y Mendoza 6.2m2\/hab.<\/p>\n<p>\u00bfCu\u00e1l es el n\u00famero en la ciudad de Santa Fe? Seg\u00fan un informe elaborado por Encuentro, contamos con 7.95 metros cuadrados de espacio verde p\u00fablico por habitante, cifra que se encuentra por debajo del m\u00ednimo recomendado. Este n\u00famero es elaborado a partir de plantear la importancia de construir un indicador de espacios verdes p\u00fablicos con uso y acceso p\u00fablico en la ciudad.<\/p>\n<p>\u201cCreemos que durante los \u00faltimos a\u00f1os, desde la gesti\u00f3n tanto municipal como provincial, se ha avanzado en la calificaci\u00f3n de algunos de estos espacios esenciales para todas las personas. Por eso recopilamos esta informaci\u00f3n: para saber c\u00f3mo venimos y poder avanzar en la creaci\u00f3n y jerarquizaci\u00f3n de m\u00e1s espacios p\u00fablicos y de encuentro, distribuidos de manera equitativa en la ciudad\u201d expres\u00f3 el concejal Lucas Simoniello, representante de Encuentro.<\/p>\n<p>A tal efecto, se parti\u00f3 de la normativa urbana vigente y se utilizaron herramientas de informaci\u00f3n georreferenciadas, destacando que se contabilizaron \u00fanicamente aquellos espacios verdes que, adem\u00e1s de brindar numerosos servicios ambientales, son de acceso y uso p\u00fablico. Por ende, para construir un indicador propio, se tuvieron en cuenta s\u00f3lo aquellas plazas, plazoletas, parques y paseos cuyo suelo es p\u00fablico y que efectivamente pueden utilizarse como espacio verde. As\u00ed, la superficie total de espacios verdes p\u00fablicos es 3.409.150,34 m2; si consideramos que la poblaci\u00f3n estimada por el IPEC para el 2020 es de 429.026 habitantes, el indicador es de 7.95m2\/hab.<\/p>\n<p>Propuestas y pr\u00f3ximos informes<\/p>\n<p>El documento tambi\u00e9n cuenta con una serie de propuestas que incluyen desde revisar la normativa urbana en lo que refiere a este tipo de espacios; la clarificaci\u00f3n de los criterios utilizados para medir estos indicadores; la gesti\u00f3n e incorporaci\u00f3n de herramientas para lograr m\u00e1s espacios p\u00fablicos, entre otras.<\/p>\n<p>Para finalizar, Simoniello agreg\u00f3 que \u201cen los espacios p\u00fablicos es donde vecinos y vecinas vivimos la ciudad. Queremos avanzar en que cada barrio cuente con al menos una plaza, para esto necesitamos informaci\u00f3n acorde que nos permita planificar, gestionar y evaluar este tipo de espacios. Por eso, presentamos estos datos como parte de un proceso de investigaci\u00f3n sobre cantidad y otras cualidades como sus usos, dise\u00f1o, equipamiento y accesibilidad\u201d.<\/p>\n<h6>Fuente: El Litoral<\/h6>\n","protected":false},"excerpt":{"rendered":"<p>El espacio Encuentro elabor\u00f3 un informe sobre espacios verdes p\u00fablicos, del que resulta que Santa Fe cuenta con menor cantidad de la recomendada en relaci\u00f3n al n\u00famero de habitantes.<\/p>\n","protected":false},"author":2,"featured_media":100115,"comment_status":"closed","ping_status":"closed","sticky":false,"template":"","format":"standard","meta":{"footnotes":""},"categories":[2],"tags":[10],"class_list":["post-100114","post","type-post","status-publish","format-standard","has-post-thumbnail","hentry","category-informe-municipal","tag-santa-fe"],"_links":{"self":[{"href":"http:\/\/argentinamunicipal.com.ar\/argentina\/wp-json\/wp\/v2\/posts\/100114","targetHints":{"allow":["GET"]}}],"collection":[{"href":"http:\/\/argentinamunicipal.com.ar\/argentina\/wp-json\/wp\/v2\/posts"}],"about":[{"href":"http:\/\/argentinamunicipal.com.ar\/argentina\/wp-json\/wp\/v2\/types\/post"}],"author":[{"embeddable":true,"href":"http:\/\/argentinamunicipal.com.ar\/argentina\/wp-json\/wp\/v2\/users\/2"}],"replies":[{"embeddable":true,"href":"http:\/\/argentinamunicipal.com.ar\/argentina\/wp-json\/wp\/v2\/comments?post=100114"}],"version-history":[{"count":0,"href":"http:\/\/argentinamunicipal.com.ar\/argentina\/wp-json\/wp\/v2\/posts\/100114\/revisions"}],"wp:featuredmedia":[{"embeddable":true,"href":"http:\/\/argentinamunicipal.com.ar\/argentina\/wp-json\/wp\/v2\/media\/100115"}],"wp:attachment":[{"href":"http:\/\/argentinamunicipal.com.ar\/argentina\/wp-json\/wp\/v2\/media?parent=100114"}],"wp:term":[{"taxonomy":"category","embeddable":true,"href":"http:\/\/argentinamunicipal.com.ar\/argentina\/wp-json\/wp\/v2\/categories?post=100114"},{"taxonomy":"post_tag","embeddable":true,"href":"http:\/\/argentinamunicipal.com.ar\/argentina\/wp-json\/wp\/v2\/tags?post=100114"}],"curies":[{"name":"wp","href":"https:\/\/api.w.org\/{rel}","templated":true}]}}