{"id":100117,"date":"2020-03-04T05:25:02","date_gmt":"2020-03-04T08:25:02","guid":{"rendered":"http:\/\/argentinamunicipal.com.ar\/argentina\/?p=100117"},"modified":"2020-03-04T07:27:27","modified_gmt":"2020-03-04T10:27:27","slug":"menos-plata-a-comedores-santafesinos","status":"publish","type":"post","link":"http:\/\/argentinamunicipal.com.ar\/argentina\/menos-plata-a-comedores-santafesinos\/","title":{"rendered":"Menos plata a comedores santafesinos"},"content":{"rendered":"<p>Una sustancial reducci\u00f3n en el aporte de la provincia a los comedores comunitarios barriales, a trav\u00e9s del sistema de la tarjeta institucional, produjo inquietud en los beneficiarios, que calcularon en un 30 % la ca\u00edda de los recursos por ese concepto.<\/p>\n<p>Ante la consulta de El Litoral, desde el Ministerio de Desarrollo Social aseguraron que los montos asignados a la tarjeta institucional de los comedores \u201cno se modificaron\u201d.<\/p>\n<p>Sin embargo, admitieron que se estaba depositando un \u201crefuerzo\u201d -que cifraron en el orden del 20 %-, previsto hasta diciembre del a\u00f1o pasado y luego sostenido tambi\u00e9n en enero.<\/p>\n<p>Pero en febrero no sucedi\u00f3 lo mismo, y el refuerzo qued\u00f3 sin efecto, con lo cual las tarjetas volvieron al monto nominal vigente. Desde el ministerio invocaron la falta de presupuesto como raz\u00f3n, y derivaron tambi\u00e9n a la aprobaci\u00f3n de la ley de Necesidad P\u00fablica en la Legislatura la posibilidad de recomponer el aporte.<\/p>\n<h6>Fuente: El Litoral<\/h6>\n","protected":false},"excerpt":{"rendered":"<p>Una sustancial reducci\u00f3n en el aporte de la provincia a los comedores comunitarios barriales, a trav\u00e9s del sistema de la tarjeta institucional, produjo inquietud en los beneficiarios<\/p>\n","protected":false},"author":2,"featured_media":100118,"comment_status":"closed","ping_status":"closed","sticky":false,"template":"","format":"standard","meta":{"footnotes":""},"categories":[2],"tags":[10],"class_list":["post-100117","post","type-post","status-publish","format-standard","has-post-thumbnail","hentry","category-informe-municipal","tag-santa-fe"],"_links":{"self":[{"href":"http:\/\/argentinamunicipal.com.ar\/argentina\/wp-json\/wp\/v2\/posts\/100117","targetHints":{"allow":["GET"]}}],"collection":[{"href":"http:\/\/argentinamunicipal.com.ar\/argentina\/wp-json\/wp\/v2\/posts"}],"about":[{"href":"http:\/\/argentinamunicipal.com.ar\/argentina\/wp-json\/wp\/v2\/types\/post"}],"author":[{"embeddable":true,"href":"http:\/\/argentinamunicipal.com.ar\/argentina\/wp-json\/wp\/v2\/users\/2"}],"replies":[{"embeddable":true,"href":"http:\/\/argentinamunicipal.com.ar\/argentina\/wp-json\/wp\/v2\/comments?post=100117"}],"version-history":[{"count":0,"href":"http:\/\/argentinamunicipal.com.ar\/argentina\/wp-json\/wp\/v2\/posts\/100117\/revisions"}],"wp:featuredmedia":[{"embeddable":true,"href":"http:\/\/argentinamunicipal.com.ar\/argentina\/wp-json\/wp\/v2\/media\/100118"}],"wp:attachment":[{"href":"http:\/\/argentinamunicipal.com.ar\/argentina\/wp-json\/wp\/v2\/media?parent=100117"}],"wp:term":[{"taxonomy":"category","embeddable":true,"href":"http:\/\/argentinamunicipal.com.ar\/argentina\/wp-json\/wp\/v2\/categories?post=100117"},{"taxonomy":"post_tag","embeddable":true,"href":"http:\/\/argentinamunicipal.com.ar\/argentina\/wp-json\/wp\/v2\/tags?post=100117"}],"curies":[{"name":"wp","href":"https:\/\/api.w.org\/{rel}","templated":true}]}}