{"id":100138,"date":"2020-03-04T06:54:09","date_gmt":"2020-03-04T09:54:09","guid":{"rendered":"http:\/\/argentinamunicipal.com.ar\/argentina\/?p=100138"},"modified":"2020-03-04T07:57:08","modified_gmt":"2020-03-04T10:57:08","slug":"preocupacion-por-el-futuro-de-la-algodonera-avellaneda","status":"publish","type":"post","link":"http:\/\/argentinamunicipal.com.ar\/argentina\/preocupacion-por-el-futuro-de-la-algodonera-avellaneda\/","title":{"rendered":"Preocupaci\u00f3n por el futuro de la Algodonera Avellaneda"},"content":{"rendered":"<p>Medio millar de trabajadores de la planta en el norte santafesino fueron licenciados y no se registran actividades productivas.<\/p>\n<p>El grupo Vicentin, el principal agroexportador del pa\u00eds, radicado en los puertos del Gran Rosario, sigue en ca\u00edda libre. Al cese de actividades en sus plantas procesadoras de soja y la presentaci\u00f3n ante la justicia para solicitar su concurso preventivo de crisis, con una deuda supermillonaria, se suma en las \u00faltimas horas el eventual cierre de la Algodonera Avellaneda, de su propiedad, y la obligatoria licencia de sus 500 empleados a partir de este lunes.<\/p>\n<p>Esta decisi\u00f3n se a\u00f1ade a los casi 800 operarios que prestan servicios en sus predios de San Lorenzo (incluyendo el puerto), sin trabajar desde mediados de diciembre pasado.<\/p>\n<p>En el caso de la textil de Avellaneda, la empresa adujo que \u201cfalta fibra\u201d, es decir, materia prima, pero desde el sindicato ponen en duda que el argumento. \u201cPor lo general siempre hay una merma de tareas, por cuestiones estacionales, que se da desde diciembre hasta finales de febrero\u201d, explic\u00f3 uno de los delegados gremiales, Leandro Monz\u00f3n.<\/p>\n<p>Desde el sindicato se\u00f1alaron que tambi\u00e9n preocupa el futuro de los puestos indirectos de trabajo, que en total entre unos y otros (directos e indirectos) suman alrededor de 4.000.<\/p>\n<p>Adem\u00e1s, para Avellaneda, la empresa genera \u201cel 30% del flujo econ\u00f3mico\u201d y para su municipio significa \u201cel 35% del total de la recaudaci\u00f3n en materia de Derecho de Registro e Inspecci\u00f3n\u201d.<\/p>\n<p>La empresa aclar\u00f3 que el anticipo de vacaciones al personal se debi\u00f3 a la falta de fibra para poder poner en marcha la producci\u00f3n. \u201cLa campa\u00f1a 2020 a\u00fan no ha comenzado, aunque algunas desmotadoras se encuentran en funcionamiento. En aproximadamente 15 d\u00edas la campa\u00f1a en la zona algodonera podr\u00eda desarrollarse a pleno\u201d, aclar\u00f3 un vocero de la firma a este diario.<\/p>\n<p>Vicentin posee tres plantas desmotadoras de algod\u00f3n distribuidas en las provincias de Chaco, Santiago del Estero y Formosa.<\/p>\n<p><strong>\u201cNos tom\u00f3 por sorpresa\u201d<\/strong><\/p>\n<p>Rub\u00e9n Lemos, secretario general del Sindicato de Trabajadores Textiles, dijo que la decisi\u00f3n \u201cnos tom\u00f3 por sorpresa debido a que no es un per\u00edodo habitual para realizar una parada de planta en el rubro y, en cambio, se trata de una \u00e9poca del a\u00f1o donde deber\u00edan despegar las ventas y la demanda y en mucho m\u00e1s teniendo en cuenta que el resto de las industrias textiles est\u00e1n trabajando normalmente\u201d, remarc\u00f3.<\/p>\n<p>La noticia se conoci\u00f3 a pocas horas de que el ministro de Trabajo, Roberto Sukerman, participara junto a la CGT San Lorenzo y el Sindicato de Aceiteros de esa localidad de una reuni\u00f3n con el juez Fabi\u00e1n Lorenzini, quien lleva adelante el concurso preventivo de Vicentin, y manifestara su preocupaci\u00f3n por la conservaci\u00f3n de los puestos de trabajo.<\/p>\n<p>Tambi\u00e9n surge luego de que el vicepresidente de la compa\u00f1\u00eda, Alberto Macua, confirmara a los legisladores que conforman la Comisi\u00f3n de Asuntos Laborales de la C\u00e1mara de Diputados de Santa Fe que \u201clos puestos de trabajo se van a mantener\u201d.<\/p>\n<p>Lemos asegur\u00f3 que desde la empresa les pidieron a los trabajadores no asociar esta parada de planta con la crisis de Vicentin. \u201cEs dif\u00edcil no hacerlo porque hay mucha informaci\u00f3n dando vuelta. Queremos creer que es s\u00f3lo por quince d\u00edas y como un adelanto de vacaciones como dijeron\u201d, indic\u00f3 el dirigente y agreg\u00f3 que \u201cla gente decidi\u00f3 aceptarlo a cuenta de las vacaciones de este a\u00f1o para no perder\u201d.<\/p>\n<p><strong>Aclaraci\u00f3n empresaria<\/strong><\/p>\n<p>Ricardo Ciani, presidente de Arsa, empresa del Vicentin Family Group (VFG), aclar\u00f3 que la situaci\u00f3n de la algodonera \u201cno tiene ninguna relaci\u00f3n con la crisis financiera de Vicentin Saic, el gigante agroindustrial recientemente concursado por el \u201cestr\u00e9s financiero\u201d, que le deton\u00f3 su pasivo, superior a los u$ s 1400 millones.<\/p>\n<p>\u201cSolo se anticiparon las vacaciones debido a la falta de fibra porque pr\u00e1cticamente la campa\u00f1a 2020 no comenz\u00f3, aunque algunas desmotadoras est\u00e1n trabajando. Se espera que en 15 d\u00edas la campa\u00f1a ya est\u00e9 en marcha. En a\u00f1os anteriores, en esta fecha, ya hab\u00eda mucho algod\u00f3n, pero este a\u00f1o fue distinto. La Uni\u00f3n Agr\u00edcola tampoco empez\u00f3 el desmote\u201d, justific\u00f3 una fuente allegada a la compa\u00f1\u00eda.<\/p>\n<p>Seg\u00fan trascendi\u00f3, Algodonera Avellaneda habr\u00eda sido uno de los m\u00e1ximos aportantes de Juntos por el Cambio: le habr\u00e1 girado $ 4,5 millones. Seg\u00fan los \u00faltimos datos disponibles en la Central de Deudores del Banco Naci\u00f3n, la deuda bancaria de la firma asciende a $ 225 millones y se ubica en situaci\u00f3n crediticia 4, lo que se traduce en un \u201calto riesgo de insolvencia\u201d.<\/p>\n<p><strong>Bajan tasas<\/strong><\/p>\n<p>Los plazos fijos para el p\u00fablico minorista ofrecen tasas por debajo del 30% anual, con lo que su rendimiento cada vez se sit\u00faa m\u00e1s claramente en niveles negativos, es decir, por debajo de la inflaci\u00f3n esperada. El Banco Naci\u00f3n, que suele oficiar de referencia para el resto de las entidades en general con rendimientos superiores a muchos bancos privados l\u00edderes, ya ubic\u00f3 su tasa en el 29%. El esquema de baja de tasas con el objetivo de movilizar el cr\u00e9dito y, con ello, reactivar la econom\u00eda, fue la principal l\u00ednea de acci\u00f3n del Banco Central a partir de la asunci\u00f3n de Miguel Pesce en la autoridad monetaria.<\/p>\n<h6>Fuente: El Litoral<\/h6>\n","protected":false},"excerpt":{"rendered":"<p>Medio millar de trabajadores de la planta en el norte santafesino fueron licenciados y no se registran actividades productivas.<\/p>\n","protected":false},"author":2,"featured_media":100139,"comment_status":"closed","ping_status":"closed","sticky":false,"template":"","format":"standard","meta":{"footnotes":""},"categories":[2],"tags":[10],"class_list":["post-100138","post","type-post","status-publish","format-standard","has-post-thumbnail","hentry","category-informe-municipal","tag-santa-fe"],"_links":{"self":[{"href":"http:\/\/argentinamunicipal.com.ar\/argentina\/wp-json\/wp\/v2\/posts\/100138","targetHints":{"allow":["GET"]}}],"collection":[{"href":"http:\/\/argentinamunicipal.com.ar\/argentina\/wp-json\/wp\/v2\/posts"}],"about":[{"href":"http:\/\/argentinamunicipal.com.ar\/argentina\/wp-json\/wp\/v2\/types\/post"}],"author":[{"embeddable":true,"href":"http:\/\/argentinamunicipal.com.ar\/argentina\/wp-json\/wp\/v2\/users\/2"}],"replies":[{"embeddable":true,"href":"http:\/\/argentinamunicipal.com.ar\/argentina\/wp-json\/wp\/v2\/comments?post=100138"}],"version-history":[{"count":0,"href":"http:\/\/argentinamunicipal.com.ar\/argentina\/wp-json\/wp\/v2\/posts\/100138\/revisions"}],"wp:featuredmedia":[{"embeddable":true,"href":"http:\/\/argentinamunicipal.com.ar\/argentina\/wp-json\/wp\/v2\/media\/100139"}],"wp:attachment":[{"href":"http:\/\/argentinamunicipal.com.ar\/argentina\/wp-json\/wp\/v2\/media?parent=100138"}],"wp:term":[{"taxonomy":"category","embeddable":true,"href":"http:\/\/argentinamunicipal.com.ar\/argentina\/wp-json\/wp\/v2\/categories?post=100138"},{"taxonomy":"post_tag","embeddable":true,"href":"http:\/\/argentinamunicipal.com.ar\/argentina\/wp-json\/wp\/v2\/tags?post=100138"}],"curies":[{"name":"wp","href":"https:\/\/api.w.org\/{rel}","templated":true}]}}