{"id":100332,"date":"2020-03-10T07:11:57","date_gmt":"2020-03-10T10:11:57","guid":{"rendered":"http:\/\/argentinamunicipal.com.ar\/argentina\/?p=100332"},"modified":"2020-03-10T07:11:57","modified_gmt":"2020-03-10T10:11:57","slug":"diputados-el-ejecutivo-santafesino-apura-la-ley-de-necesidad-publica","status":"publish","type":"post","link":"http:\/\/argentinamunicipal.com.ar\/argentina\/diputados-el-ejecutivo-santafesino-apura-la-ley-de-necesidad-publica\/","title":{"rendered":"Diputados: el Ejecutivo santafesino apura la ley de Necesidad P\u00fablica"},"content":{"rendered":"<p>El gobernador Omar Perotti consider\u00f3 ya saldada de la discusi\u00f3n sobre la futura ley de Necesidad P\u00fablica y pidi\u00f3 a los diputados del justicialismo que pidan tratamiento sobre tablas del texto aprobado por Senado en la pr\u00f3xima sesi\u00f3n.<\/p>\n<p>\u201cEs la decisi\u00f3n del gobernador y del gabinete\u201d dijo el ministro de Gesti\u00f3n P\u00fablica, Rub\u00e9n Michlig a El Litoral. \u201cDiputados trat\u00f3 sobre tablas el Presupuesto, sin discusi\u00f3n alguna. Sobre esta tem\u00e1tica hace meses que se viene hablando. Estamos en emergencia y nos parece que pol\u00edticamente corresponde que se vote\u201d a\u00f1adi\u00f3.<\/p>\n<p>El mensaje del Poder Ejecutivo con leves reformas- fue avalado por los senadores justicialistas el pasado jueves, no as\u00ed por el Frente Progresista ni por la bancada escindida del Frente que se abstuvo.<\/p>\n<p>La situaci\u00f3n pol\u00edtica del justicialismo es diferente en Diputados. Tiene apenas seis de las cincuenta bancas mientras que el Frente Progresista detenta la mayor\u00eda de 28 integrantes. El Frente ha mostrado gruesas diferencias con el mensaje del Ejecutivo y no est\u00e1 dispuesto a avalar ese mensaje. La intenci\u00f3n de la bancada mayoritaria es girar el mensaje a tres o cuatro comisiones, citar a funcionarios antes de llevarlo al recinto. De cumplirse este cronograma, el mensaje reci\u00e9n en abril estar\u00eda en condiciones de llegar al recinto.<\/p>\n<p>\u201cSi pudieron (los diputados) tratar el presupuesto sobre tablas, bien pueden hacerlo tambi\u00e9n con este proyecto de ley exageradamente debatido\u201d, dijo la fuente gubernamental. En rigor, el cuerpo ni siquiera ha sido convocado todav\u00eda. En caso de que hubiera sesi\u00f3n y de no prosperar el tratamiento sobre tablas, se le dar\u00eda ingreso al proyecto y ser\u00eda girado a comisiones.<\/p>\n<p>\u201cExpr\u00e9s, no\u201d<\/p>\n<p>Consultado por El Litoral, el diputado socialista Joaqu\u00edn Blanco adelant\u00f3 que \u201cno hay clima\u201d en el cuerpo para \u201cun tratamiento expr\u00e9s\u201d del proyecto en cuesti\u00f3n.<\/p>\n<p>\u201cDesde el Frente Progresista ratificamos nuestra voluntad de encontrar una ley posible, que no es la media sanci\u00f3n del Senado. Hay un esp\u00edritu, incluso de todos los dem\u00e1s bloques, de discutir el tema; y hay una idea de contar con informaci\u00f3n precisa de parte del Poder Ejecutivo sobre las cuentas p\u00fablicas de la provincia y sobre endeudamientos no utilizados\u201d, plante\u00f3 el legislador. Al respecto, precis\u00f3 que ambos aspectos fueron esbozados en sendos proyectos de comunicaci\u00f3n a trav\u00e9s de la diputada Gimena Senn. \u201cEso para nosotros es clave porque es una radiograf\u00eda de c\u00f3mo est\u00e1 la provincia ahora. Tambi\u00e9n queremos informaci\u00f3n sobre los criterios del gobierno, para explicar por qu\u00e9 no us\u00f3 herramientas de financiamiento habilitadas por leyes vigentes, por 2 y 3 mil millones de pesos, respectivamente. El gobierno ya hubiera podido salir a tomar esos endeudamientos y con esos montos, podr\u00eda pagar todos los certificados de obra adeudados de 2019. Eso es central para poder avanzar en la discusi\u00f3n de la ley\u201d, adelant\u00f3.<\/p>\n<p>Seg\u00fan plante\u00f3, en el Frente persiste la intenci\u00f3n de \u201cvotar una ley posible\u201d, pero se mostr\u00f3 reticente al tratamiento sobre tablas. \u201cNo veo clima para el debate expr\u00e9s -insisti\u00f3-. No por un cuesti\u00f3n pol\u00edtica del Frente Progresista, sino porque los otros bloques nos manifestaron que quieren participar del debate y la discusi\u00f3n. Adem\u00e1s -advirti\u00f3-, el tema estuvo cuatro semanas en el Senado; me parece que amerita que por un tiempo prudencial, tambi\u00e9n pueda ser discutido en Diputados\u201d.<\/p>\n<p>Cartas echadas<\/p>\n<p>Desde el bloque del Partido Justicialista, el jefe de la bancada de Diputados, Leandro Busatto, no arriesg\u00f3 pron\u00f3sticos. Pero consultado por El Litoral, dijo que procurar\u00e1n que la ley tenga un r\u00e1pido tratamiento.<\/p>\n<p>\u201cBuscaremos un tratamiento lo m\u00e1s r\u00e1pido posible en funci\u00f3n de las necesidades del gobierno, y ello nos lleva a plantear todos los escenarios. El primer escenario tiene ver que con la posibilidad de sesionar (este jueves) para darle ingreso al proyecto, y si es posible, generar el tratamiento inmediato. No s\u00e9 si sobre tablas, pero s\u00ed de inmediato; lo m\u00e1s r\u00e1pido posible\u201d, coment\u00f3. Seg\u00fan expres\u00f3, es innecesario extender el debate dado que \u201clos consensos y la construcci\u00f3n del di\u00e1logo est\u00e1n agotados ya desde hace dos meses. Hubo una instancia de di\u00e1logo con todos los actores sociales y econ\u00f3micos de la provincia, y con todos los bloques pol\u00edticos. Las cartas est\u00e1n sobre la mesa\u201d, opin\u00f3.<\/p>\n<p>Desde su punto de vista, \u201clo que hay que develar ahora es cu\u00e1l es la verdadera intencionalidad pol\u00edtica de la oposici\u00f3n: si quiere acompa\u00f1ar con una herramienta v\u00e1lida para Poder Ejecutivo, o si quiere anticipar los tiempos y ponerse en una oposici\u00f3n destructiva y comprometida\u201d, concluy\u00f3.<\/p>\n<p>Plazo<\/p>\n<p>Hasta el mediod\u00eda, la C\u00e1mara de Diputados no hab\u00eda sido convocada para este jueves. La intenci\u00f3n original del Frente Progresista es sesionar cada quince d\u00edas. No obstante hab\u00eda cruces de llamadas entre socialistas y radicales tendientes a definir se solicitaban al presidente, Miguel Lifschitz, que realice la convocatoria. Tampoco hasta el mediod\u00eda la bancada justicialista hab\u00eda solicitado formalmente la sesi\u00f3n del jueves. El plazo de convocatoria vencer\u00e1 ma\u00f1ana martes, a las 15.<\/p>\n<p>Caussi<\/p>\n<p>Hasta el mediod\u00eda no se hab\u00eda podido definir con Mauricio Caussi interventor de la EPE- la fecha de reuni\u00f3n con la Comisi\u00f3n de Obras y Servicios P\u00fablicos de la C\u00e1mara de Diputados. La reuni\u00f3n con Caussi fue votada por el pleno del cuerpo para conocer la situaci\u00f3n en que encontr\u00f3 la empresa y la mirada sobre el tema tarifario<\/p>\n<h6>Fuente: El Litoral<\/h6>\n","protected":false},"excerpt":{"rendered":"<p>El gobernador Omar Perotti consider\u00f3 ya saldada de la discusi\u00f3n sobre la futura ley de Necesidad P\u00fablica y pidi\u00f3 a los diputados del justicialismo que pidan tratamiento sobre tablas del texto aprobado por Senado en la pr\u00f3xima sesi\u00f3n.<\/p>\n","protected":false},"author":2,"featured_media":100333,"comment_status":"closed","ping_status":"closed","sticky":false,"template":"","format":"standard","meta":{"footnotes":""},"categories":[4],"tags":[10],"class_list":["post-100332","post","type-post","status-publish","format-standard","has-post-thumbnail","hentry","category-informe-politico","tag-santa-fe"],"_links":{"self":[{"href":"http:\/\/argentinamunicipal.com.ar\/argentina\/wp-json\/wp\/v2\/posts\/100332","targetHints":{"allow":["GET"]}}],"collection":[{"href":"http:\/\/argentinamunicipal.com.ar\/argentina\/wp-json\/wp\/v2\/posts"}],"about":[{"href":"http:\/\/argentinamunicipal.com.ar\/argentina\/wp-json\/wp\/v2\/types\/post"}],"author":[{"embeddable":true,"href":"http:\/\/argentinamunicipal.com.ar\/argentina\/wp-json\/wp\/v2\/users\/2"}],"replies":[{"embeddable":true,"href":"http:\/\/argentinamunicipal.com.ar\/argentina\/wp-json\/wp\/v2\/comments?post=100332"}],"version-history":[{"count":0,"href":"http:\/\/argentinamunicipal.com.ar\/argentina\/wp-json\/wp\/v2\/posts\/100332\/revisions"}],"wp:featuredmedia":[{"embeddable":true,"href":"http:\/\/argentinamunicipal.com.ar\/argentina\/wp-json\/wp\/v2\/media\/100333"}],"wp:attachment":[{"href":"http:\/\/argentinamunicipal.com.ar\/argentina\/wp-json\/wp\/v2\/media?parent=100332"}],"wp:term":[{"taxonomy":"category","embeddable":true,"href":"http:\/\/argentinamunicipal.com.ar\/argentina\/wp-json\/wp\/v2\/categories?post=100332"},{"taxonomy":"post_tag","embeddable":true,"href":"http:\/\/argentinamunicipal.com.ar\/argentina\/wp-json\/wp\/v2\/tags?post=100332"}],"curies":[{"name":"wp","href":"https:\/\/api.w.org\/{rel}","templated":true}]}}