{"id":100335,"date":"2020-03-10T07:15:22","date_gmt":"2020-03-10T10:15:22","guid":{"rendered":"http:\/\/argentinamunicipal.com.ar\/argentina\/?p=100335"},"modified":"2020-03-10T07:15:22","modified_gmt":"2020-03-10T10:15:22","slug":"en-santa-fe-la-marcha-por-el-dia-de-la-mujer-trabajadora-fue-historica","status":"publish","type":"post","link":"http:\/\/argentinamunicipal.com.ar\/argentina\/en-santa-fe-la-marcha-por-el-dia-de-la-mujer-trabajadora-fue-historica\/","title":{"rendered":"En Santa Fe, la marcha por el D\u00eda de la Mujer Trabajadora fue hist\u00f3rica"},"content":{"rendered":"<p>Luego del femicidio de F\u00e1tima Acevedo en Paran\u00e1, la marcha por el 9M reuni\u00f3 a m\u00e1s de 7 mil personas en la movilizaci\u00f3n en la ciudad de Santa Fe.<\/p>\n<p>En conmemoraci\u00f3n al D\u00eda de la Mujer Trabajadora se desarroll\u00f3 en Santa Fe una marcha que result\u00f3 hist\u00f3rica por la multitudinaria movilizaci\u00f3n en las calles y en la Plaza 25 de Mayo. Desde las 17 las m\u00e1s de 7 mil mujeres, lesbianas, travestis y trans se concentraron en la Plaza San Mart\u00edn, frente al Ministerio de Seguridad para luego avanzar por Tucum\u00e1n hacia Urquiza hasta alcanzar General L\u00f3pez para pasar frente a fiscal\u00edas y la Legislatura provincial. Luego, frente a la Casa de Gobierno fue el acto central donde la violencia machista y los femicidios fueron los ejes centrales de los reclamos.<\/p>\n<p>Hubo adem\u00e1s distintas intervenciones art\u00edsticas frente a Tribunales y a lo largo de los distintos edificios emblem\u00e1ticos con el fin de denunciar la\u00a0violencia machista. Distintas vendedoras y comerciantes ofrecieron sus habilidades y productos en la Plaza del acto central. Desde venta de verduras de mujeres agricultoras, pa\u00f1uelos y comidas hasta peinados, entre otros negocios callejeros.<\/p>\n<p>En el D\u00eda de la Mujer Trabajadora, \u00abeso que llaman amor es trabajo no pago\u00bb, fue uno de los mensajes que se repiti\u00f3.<br \/>\nA diferencia de otros a\u00f1os, no se leyeron adhesiones de las cientos de organizaciones sociales, culturales, militantes y partidarias. Las distintas columnas sindicales que suelen ser nutridas fueron peque\u00f1as concentraciones en esta ocasi\u00f3n y llam\u00f3 la atenci\u00f3n la falta de la tradicional columna de Amsaf\u00e9 con sus t\u00edpicos bombos y docentes apoyando la lucha de las mujeres.<\/p>\n<p>Este 9M fueron mayor\u00eda los carteles caseros que se destacaron entre la multitud de gran porcentaje joven. \u00abSi no ves desigualdad es porque est\u00e1s muy bien amaestrado\u00bb, \u00abFeliz va a ser el d\u00eda que no falta ninguna\u00bb, \u00abMam\u00e1 si no vuelvo prend\u00e9 fuego todo\u00bb, \u00abLo que no tuvo mi abuela (Elena D\u00edaz) lo quiero para nosotras. Ni Una Menos\u00bb, \u00abMarcho porque estoy viva y no s\u00e9 hasta cuando\u00bb, fueron solo algunos de los mensajes que se mantuvieron en alto por 15 cuadras de marcha en medio de un agobiante calor.<\/p>\n<p>Pero la presencia de todas las generaciones se sinti\u00f3, con nuevas agrupaciones que se presentaron juntas por primera vez en este lunes. La Revoluci\u00f3n de las Viejas, por ejemplo, se compone de mujeres de arriba de 50 a\u00f1os que se re\u00fanen desde hace unos meses para comenzar a reflexionar de manera colectiva sobre las estructuras patriarcales y lo que significa ser mujer en esta sociedad. \u00abTenemos los mismos problemas que cualquier otra agrupaci\u00f3n de ac\u00e1, queremos libertad, igualdad, que no nos maten y que no nos agredan\u00bb, describieron sus integrantes a\u00a0UNO Santa Fe. Y agregaron: \u00abVamos por m\u00e1s derechos para las mujeres, la lucha es de todas y si estamos unidas es mejor. Para reunirnos tuvimos en cuenta a todo lo que hemos sido sometidas por el patriarcado\u00bb. Las representa el pa\u00f1uelo plateado.<\/p>\n<p>El femicidio de F\u00e1tima Acevedo, y los asesinatos de mujeres en lo que va del 2020 se mencion\u00f3 en varias oportunidades. Desde Ni Una Menos (NUM) aseguraron en el documento oficial que este a\u00f1o \u00abseguimos siendo brutalmente asesinadas cada 23 horas. En 60 d\u00edas del a\u00f1o hubo 63 femicidios y travesticidios y 13 fueron en nuestra provincia\u00bb, lamentaron. Minutos antes de que empiece el acto sobre el escenario ubicado a metros de la calle 3 de febrero, un grupo de folkloristas feministas interpret\u00f3 con bombos una versi\u00f3n adaptada de \u00abUn violador en tu camino\u00bb. La conducci\u00f3n del evento organizado por NUM estuvo a cargo de comunicadoras del medio Peri\u00f3dicas.<\/p>\n<p>\u00abEstoy podrida de denunciarlo y que nadie haga nada\u00bb, un pedido de justicia por F\u00e1tima Acevedo y en contra de la violencia machista en la marcha por el D\u00eda de la Mujer Trabajadora en Santa Fe.<br \/>\nUna de las asistentes que sigui\u00f3 atenta el pedido para que se termine la violencia contra la mujer en el D\u00eda de la Mujer Trabajadora, fue SIlvia Castillo, la hermana de Vanesa, la docente asesinada en 2017 en la puerta de la escuela en la que daba clases. \u00abAyer tuvimos otro femicidio m\u00e1s, creo que eso moviliza mucho y por eso la gente que se acerc\u00f3 hoy. La verdad que se pudo tener certeza que el crimen de Vanesa que ella inicia trabajando, si bien la asesinaron en la puerta de la escuela no se hab\u00eda podido probar hasta la audiencia preliminar. Nuestra hip\u00f3tesis fue que se trat\u00f3 de un crimen por encargo a partir de una denuncia de abuso sexual que ella hab\u00eda iniciado. Seguimos esperando a la justicia. Esperamos que el Estado reconozca el problema y se tomen acciones para que las mujeres terminemos de sufrir todos los maltratos y violencias. Siento hasta ahora que el Estado no se ha hecho responsable hasta el momento\u00bb, expres\u00f3 a\u00a0UNO\u00a0en medio de la Plaza, en el d\u00eda en que se conmemora la masacre de 1857 a mujeres que ped\u00edan derechos laborales.<\/p>\n<p>Otras consignas del documento de NUM estuvieron vinculadas a la econom\u00eda: \u00abFrente a una realidad de crisis econ\u00f3mica somos les primeras en ser despedidas, les m\u00e1s precarizadas entre los precarizados, y quienes debemos hacernos cargo gratuitamente de infinitas tareas de cuidado en nuestras casas y en nuestras comunidades\u00bb, expresaron. Y reclamaron: \u00abNo al pago de la deuda al FMI. La deuda es con nosotras\u00bb.<\/p>\n<p>Al mismo tiempo se continu\u00f3 con el reclamo para que el aborto sea legal, seguro y gratuito y que se cumpla con el protocolo de Interrupci\u00f3n Legal del Embarazo (ILE) en todo el territorio provincial. Sobre este punto, desde la Campa\u00f1a Nacional por el Derecho al Aborto Legal, Seguro y Gratuito exigieron: \u00abQue se garantice el derecho universal al aborto legal en efectores de la salud p\u00fablica y privada, obras sociales y prepagas. No a la objeci\u00f3n de conciencia. Fuera obstructores a conciencia. Pedimos que se garantice la ILE en el tercer nivel de salud y acceso universal a los derechos sexuales, reproductivos y no reproductivos\u00bb, entre otras demandas. Adem\u00e1s se reclam\u00f3 por la aplicaci\u00f3n de la Educaci\u00f3n Sexual Integral en todas las instituciones y niveles educativos con perspectiva de g\u00e9nero y disidente.<\/p>\n<p>En cuanto a las cuestiones laborales se plante\u00f3: \u00abParitarias justas, libres y sin techo. Salario igual a la canasta b\u00e1sica. Defensa a la cl\u00e1usula gatillo. No a la precarizaci\u00f3n en el Estado. Pase a planta permanente. Acceso a la vivienda, el trabajo digno y a la salud, para v\u00edctimas de violencia de g\u00e9nero y disidencias. Exigimos el 82% m\u00f3vil para las jubilaciones y el 75 % m\u00f3vil para las pensiones\u00bb, entre varias demandas m\u00e1s. Se pidi\u00f3 tambi\u00e9n mayor presupuesto para pol\u00edticas p\u00fablicas de cuidado.<\/p>\n<p>Asimismo se record\u00f3 a Natalia Acosta y se pidi\u00f3 por su aparici\u00f3n. En esta l\u00ednea se reclam\u00f3 el total desmantelamiento de redes de trata, \u00abc\u00e1rcel y castigo a proxenetas, tratantes y c\u00f3mplices dentro o fuera del Estado y la justicia, y cumplimiento de la ley 26.842\u00bb.<\/p>\n<p>Las Mam\u00e1 Cultiva exigieron a trav\u00e9s del documento de NUM la plena aplicaci\u00f3n de la ley de Cannabis Medicinal y que se habilite a pacientes y personas a cargo para cultivar. \u00abNo m\u00e1s preses por plantar\u00bb, gritaron desde el centro de la plaza.<\/p>\n<p>Se exigi\u00f3 que el Estado provincial y el municipal implementen la Ley de Cupo Laboral Trans que se aprob\u00f3 en la Legislatura el a\u00f1o pasado. Para terminar con la violencia de g\u00e9nero se pidi\u00f3 financiamiento de los espacios de atenci\u00f3n y pol\u00edticas p\u00fablicas para familiares v\u00edctimas de femicidio y travesticidio, asesoramiento jur\u00eddico y acompa\u00f1amiento terap\u00e9utico y de contenci\u00f3n interdisciplinaria. Por \u00faltimo, rechazaron la aplicaci\u00f3n del juicio abreviado en casos de violencia de g\u00e9nero.<\/p>\n<h6>Fuente: Uno<\/h6>\n","protected":false},"excerpt":{"rendered":"<p>La marcha por el 9M reuni\u00f3 a m\u00e1s de 7 mil personas en la movilizaci\u00f3n en la ciudad de Santa Fe.<\/p>\n","protected":false},"author":2,"featured_media":100336,"comment_status":"closed","ping_status":"closed","sticky":false,"template":"","format":"standard","meta":{"footnotes":""},"categories":[2],"tags":[10],"class_list":["post-100335","post","type-post","status-publish","format-standard","has-post-thumbnail","hentry","category-informe-municipal","tag-santa-fe"],"_links":{"self":[{"href":"http:\/\/argentinamunicipal.com.ar\/argentina\/wp-json\/wp\/v2\/posts\/100335","targetHints":{"allow":["GET"]}}],"collection":[{"href":"http:\/\/argentinamunicipal.com.ar\/argentina\/wp-json\/wp\/v2\/posts"}],"about":[{"href":"http:\/\/argentinamunicipal.com.ar\/argentina\/wp-json\/wp\/v2\/types\/post"}],"author":[{"embeddable":true,"href":"http:\/\/argentinamunicipal.com.ar\/argentina\/wp-json\/wp\/v2\/users\/2"}],"replies":[{"embeddable":true,"href":"http:\/\/argentinamunicipal.com.ar\/argentina\/wp-json\/wp\/v2\/comments?post=100335"}],"version-history":[{"count":0,"href":"http:\/\/argentinamunicipal.com.ar\/argentina\/wp-json\/wp\/v2\/posts\/100335\/revisions"}],"wp:featuredmedia":[{"embeddable":true,"href":"http:\/\/argentinamunicipal.com.ar\/argentina\/wp-json\/wp\/v2\/media\/100336"}],"wp:attachment":[{"href":"http:\/\/argentinamunicipal.com.ar\/argentina\/wp-json\/wp\/v2\/media?parent=100335"}],"wp:term":[{"taxonomy":"category","embeddable":true,"href":"http:\/\/argentinamunicipal.com.ar\/argentina\/wp-json\/wp\/v2\/categories?post=100335"},{"taxonomy":"post_tag","embeddable":true,"href":"http:\/\/argentinamunicipal.com.ar\/argentina\/wp-json\/wp\/v2\/tags?post=100335"}],"curies":[{"name":"wp","href":"https:\/\/api.w.org\/{rel}","templated":true}]}}