{"id":100356,"date":"2020-03-10T05:48:27","date_gmt":"2020-03-10T08:48:27","guid":{"rendered":"http:\/\/argentinamunicipal.com.ar\/argentina\/?p=100356"},"modified":"2020-03-10T07:51:46","modified_gmt":"2020-03-10T10:51:46","slug":"chabas-logro-bajar-los-volumenes-de-basura-apostando-al-reciclaje","status":"publish","type":"post","link":"http:\/\/argentinamunicipal.com.ar\/argentina\/chabas-logro-bajar-los-volumenes-de-basura-apostando-al-reciclaje\/","title":{"rendered":"Chab\u00e1s logr\u00f3 bajar los vol\u00famenes de basura apostando al reciclaje"},"content":{"rendered":"<p>La iniciativa comunal es apuntalada por estudiantes que concientizan sobre la separaci\u00f3n en origen de residuos reutilizables .<\/p>\n<p>Un constante y sostenido trabajo de concientizaci\u00f3n en defensa del medio ambiente, que tuvo como principales aliados a alumnos de escuelas locales, posibilit\u00f3 a la comuna de Chab\u00e1s avanzar en su prop\u00f3sito de disminuir los vol\u00famenes de basura.<\/p>\n<p>A casi tres a\u00f1os de la puesta en marcha de un programa que apunta a instalar el h\u00e1bito de la separaci\u00f3n de residuos en origen, ya se llevan recolectados m\u00e1s de 181 mil kilos de materiales reutilizables entre pl\u00e1stico, vidrio y papel que los vecinos sacan una vez por semana o depositan en recipientes establecidos para tal fin.<\/p>\n<p>Una vez recogidos son trasladados a una planta de almacenamiento ubicada sobre la ruta 33 en el ingreso a la localidad, donde se clasifican para su posterior comercializaci\u00f3n y reciclaje.<\/p>\n<p>La iniciativa no solo gener\u00f3 inter\u00e9s en la comunidad sino que fue creciendo al punto que en la actualidad la mayor\u00eda de los hogares se adaptaron y garantizan el funcionamiento del sistema que se busca perfeccionar con el paso del tiempo. En tal sentido est\u00e1 previsto realizar este a\u00f1o una encuesta para consultar a la poblaci\u00f3n al respecto a fin de definir acciones superadoras. \u201cAunque lo que venimos haciendo desde 2017 es bastante artesanal, los resultados logrados son notables y estamos muy conformes\u201d, dijo a La Capital la secretaria de Promoci\u00f3n Social y Trabajo, Bel\u00e9n Dar\u00f3.<\/p>\n<p>La funcionaria destac\u00f3 el involucramiento de la sociedad chabasense y, en ese marco, ponder\u00f3 el aporte que realizan los estudiantes de establecimientos locales de niveles primario y secundario, quienes son \u201clos verdaderos motores, difusores y multiplicadores del proyecto\u201d, indic\u00f3.<\/p>\n<p>Chicos, adolescentes y j\u00f3venes son capacitados constantemente para volcar a la comunidad la informaci\u00f3n que reciben, lo que resulta clave para estimular el compromiso social hacia el objetivo que se persigue. Y similar actitud est\u00e1n demostrando con una iniciativa complementaria que tambi\u00e9n despert\u00f3 aceptaci\u00f3n y acompa\u00f1amiento entre los chabasenses.<\/p>\n<p>Ecoladrillos<\/p>\n<p>Se trata de la elaboraci\u00f3n de ecoladrillos, lo que significa una excelente opci\u00f3n para reutilizar embases pl\u00e1sticos llen\u00e1ndolos de papeles u otros residuos secos y limpios para ser destinados a distintos tipos de construcciones. Con esa materia prima ya se realizaron mobiliarios urbanos en la zona del predio ferroviario, donde adem\u00e1s se est\u00e1 haciendo otra construcci\u00f3n en un espacio destinado a las mujeres.<\/p>\n<p>\u201cLa idea surgi\u00f3 por inquietud de una alumna al preguntar en un taller de capacitaci\u00f3n qu\u00e9 pod\u00edamos hacer con los envoltorios de golosinas que no son reciclables, y as\u00ed fue como empezamos con los ecoladrillos\u201d, record\u00f3 Dar\u00f3.<\/p>\n<p>Los residuos destinados al reciclaje son recogidos todos los mi\u00e9rcoles por la tarde con un veh\u00edculo comunal, por lo que los vecinos deben sacarlos ese d\u00eda o bien depositarlos, excepto el cart\u00f3n y los papeles, en los puestos verdes ubicados en zonas estrat\u00e9gicas de la localidad.<\/p>\n<p>Son unos 40 recipientes realizados con tambores de aceite en desuso de 200 litros que fueron identificados con los colores azul, destinado a los vidrios, y amarillo, para los pl\u00e1sticos.<\/p>\n<p>\u201cEn la etapa de instrumentaci\u00f3n del proyecto recibimos un gran espaldarazo de la Escuela T\u00e9cnica, cuyos estudiantes realizaron las primeras tareas de sensibilizaci\u00f3n casa por casa, lo que tuvo buena repercusi\u00f3n\u201d, explic\u00f3 Dar\u00f3. Y en esa misma l\u00ednea subray\u00f3 la importancia de sostener la capacitaci\u00f3n que se hace en todas las escuelas ya que \u201clos chicos juegan un papel fundamental en este esquema de separaci\u00f3n en origen que, sin acompa\u00f1amiento de los vecinos, fracasar\u00eda\u201d, evalu\u00f3.<\/p>\n<p>A lo ya encarado se suma que Chab\u00e1s tambi\u00e9n busca darle un corte definitivo al basural a cielo abierto que proyecta cerrar definitivamente una vez terminadas las obras de infraestructura que restan desarrollar en la planta de tratamiento de residuos s\u00f3lido urbanos establecida en Casilda y donde tambi\u00e9n llevan sus desechos otras localidades que forman parte de un consorcio.<\/p>\n<p>\u201cEl principal inconveniente es que a\u00fan no fue pavimentado el camino de acceso al predio, raz\u00f3n por la cual estamos gestionando recursos para llevar adelante esa y otras obras que beneficiar\u00e1n a Casilda y las dem\u00e1s poblaciones que integramos el proyecto\u201d, dijo el jefe comunal de Chab\u00e1s, Lucas Lesgart. En ese sentido explic\u00f3 que \u201ccuando eso suceda, vamos a poder cerrar el basural de Chab\u00e1s y avanzar hacia el cumplimiento de la ley provincial de basura cero\u201d-<\/p>\n<p>El mandatario local recalc\u00f3 que \u201cel tema medioambiental es prioritario desde que asumimos la comuna en 2015 y nos pusimos a trabajar en esa direcci\u00f3n para intentar mejorar como, de apoco, lo estamos logrando\u201d.<\/p>\n<p>Asimismo, sostuvo que \u201cseguramente a\u00fan falta mucho, pero lo importante es que est\u00e1 la decisi\u00f3n de seguir transitando por este camino tendiente a mejorar la calidad de vida de los vecinos\u201d. Y en esa l\u00ednea record\u00f3 que Chab\u00e1s viene trabajando en el desarrrollo de pr\u00e1cticas agroecol\u00f3gicas, lo que se tradujo, entre otras acciones, en la afectaci\u00f3n de zonas rurales para la producci\u00f3n de trigo libre de agrot\u00f3xicos destinada a la elaboraci\u00f3n de harina saludable.<\/p>\n<p>El perfil encarado por la comuna, adem\u00e1s est\u00e1 siendo apuntalado con un relevamiento de la situaci\u00f3n medioambiental del pueblo que, tal como dio cuenta oportunamente este diario, sus primeros muestreos permitieron detectar la presencia de plaguicidas en suelo, agua y tierra con niveles similares a los de otras localidades agrarias del pa\u00eds.<\/p>\n<p>Lesgart, asegur\u00f3 que la cuesti\u00f3n del medio ambiente \u201ces fundamental para nuestro gobierno y yo mismo quise asumir la responsabilidad de estar al frente de esa \u00e1rea para que no haya ning\u00fan filtro a la hora de atender y responder a distintas problem\u00e1ticas planteadas por los vecinos, a fin de seguir avanzando en este proceso que tiene por delante muchas cosas por corregir y cambiar para lograr el objetivo buscado que, sabemos, es imposible concretarlo de un d\u00eda para otro\u201d.<\/p>\n<h6>Fuente: La capital<\/h6>\n","protected":false},"excerpt":{"rendered":"<p>La iniciativa comunal es apuntalada por estudiantes que concientizan sobre la separaci\u00f3n en origen de residuos reutilizables .<br \/>\n\u00a0<\/p>\n","protected":false},"author":2,"featured_media":100357,"comment_status":"closed","ping_status":"closed","sticky":false,"template":"","format":"standard","meta":{"footnotes":""},"categories":[2],"tags":[10],"class_list":["post-100356","post","type-post","status-publish","format-standard","has-post-thumbnail","hentry","category-informe-municipal","tag-santa-fe"],"_links":{"self":[{"href":"http:\/\/argentinamunicipal.com.ar\/argentina\/wp-json\/wp\/v2\/posts\/100356","targetHints":{"allow":["GET"]}}],"collection":[{"href":"http:\/\/argentinamunicipal.com.ar\/argentina\/wp-json\/wp\/v2\/posts"}],"about":[{"href":"http:\/\/argentinamunicipal.com.ar\/argentina\/wp-json\/wp\/v2\/types\/post"}],"author":[{"embeddable":true,"href":"http:\/\/argentinamunicipal.com.ar\/argentina\/wp-json\/wp\/v2\/users\/2"}],"replies":[{"embeddable":true,"href":"http:\/\/argentinamunicipal.com.ar\/argentina\/wp-json\/wp\/v2\/comments?post=100356"}],"version-history":[{"count":0,"href":"http:\/\/argentinamunicipal.com.ar\/argentina\/wp-json\/wp\/v2\/posts\/100356\/revisions"}],"wp:featuredmedia":[{"embeddable":true,"href":"http:\/\/argentinamunicipal.com.ar\/argentina\/wp-json\/wp\/v2\/media\/100357"}],"wp:attachment":[{"href":"http:\/\/argentinamunicipal.com.ar\/argentina\/wp-json\/wp\/v2\/media?parent=100356"}],"wp:term":[{"taxonomy":"category","embeddable":true,"href":"http:\/\/argentinamunicipal.com.ar\/argentina\/wp-json\/wp\/v2\/categories?post=100356"},{"taxonomy":"post_tag","embeddable":true,"href":"http:\/\/argentinamunicipal.com.ar\/argentina\/wp-json\/wp\/v2\/tags?post=100356"}],"curies":[{"name":"wp","href":"https:\/\/api.w.org\/{rel}","templated":true}]}}