{"id":100408,"date":"2020-03-12T06:40:22","date_gmt":"2020-03-12T09:40:22","guid":{"rendered":"http:\/\/argentinamunicipal.com.ar\/argentina\/?p=100408"},"modified":"2020-03-11T19:55:47","modified_gmt":"2020-03-11T22:55:47","slug":"paritaria-municipal-santafesina-sin-propuestas","status":"publish","type":"post","link":"http:\/\/argentinamunicipal.com.ar\/argentina\/paritaria-municipal-santafesina-sin-propuestas\/","title":{"rendered":"Paritaria Municipal santafesina sin propuestas"},"content":{"rendered":"<p>FESTRAM INICIA MEDIDAS DE FUERZA EN TODA LA PROVINCIA POR 48 HORAS<\/p>\n<p>Se reinici\u00f3 hoy el funcionamiento de la Comisi\u00f3n Paritaria luego del cuarto intermedio que se dispusiera la semana pasada en la Secretar\u00eda de Integraci\u00f3n y Fortalecimiento Institucional de la Casa Gris.<\/p>\n<p>Tras aquel encuentro cabe recordar que tambi\u00e9n se desarroll\u00f3\u00a0el Plenario de Secretarios Generales el cual\u00a0por unanimidad facult\u00f3 a los representantes paritarios de FESTRAM, a continuar llevando adelante las negociaciones fijando como condiciones la superaci\u00f3n del salario a la inflaci\u00f3n,\u00a0rechazando los\u00a0aumentos\u00a0con sumas no remunerativas para no desfinanciar a la obra social ni al sistema previsional,\u00a0abordando el tema del aumento de las asignaciones familiares y garantizando la estabilidad de todos los trabajadores para que la paritaria pueda darse en un marco de paz social.<\/p>\n<p>De esta manera y tras no recibir hoy una propuesta salarial a considerar por parte de los representantes de Intendentes y Presidentes Comunales,\u00a0FESTRAM decreta un Paro de 48 horas los d\u00edas martes 17 y mi\u00e9rcoles 18 en todo el territorio provincial\u00a0as\u00ed como movilizaciones en Rosario, Santa Fe, Rafaela y San Javier el d\u00eda martes.<\/p>\n<p>Tras retirarse junto a los miembros paritarios de la Casa de Gobierno, el Secretario General Claudio Leoni expres\u00f3:\u00a0\u201cLamentablemente nos vamos, no s\u00f3lo sin una propuesta salarial sino que tampoco avanzamos en el resto de las demandas del sector. Por lo que la Federaci\u00f3n dar\u00e1 cumplimiento al mandato del Plenario de Secretarios Generales decretando Paro por 48 horas y Movilizaciones la pr\u00f3xima semana. Como venimos diciendo no podemos ser los trabajadores quienes asumamos los costos del ajuste y la falta de definiciones macroecon\u00f3micas.\u201d<\/p>\n<p>No obstante ello, la organizaci\u00f3n gremial reitera que se mantiene dispuesta a continuar las negociaciones durante esta semana a los fines de recibir una propuesta acorde a los intereses y necesidades del sector.<\/p>\n<h6>PRENSA FESTRAM<\/h6>\n","protected":false},"excerpt":{"rendered":"<p>FESTRAM INICIA MEDIDAS DE FUERZA EN TODA LA PROVINCIA POR 48 HORAS<\/p>\n","protected":false},"author":2,"featured_media":100409,"comment_status":"closed","ping_status":"closed","sticky":false,"template":"","format":"standard","meta":{"footnotes":""},"categories":[7],"tags":[10],"class_list":["post-100408","post","type-post","status-publish","format-standard","has-post-thumbnail","hentry","category-informe-sindical","tag-santa-fe"],"_links":{"self":[{"href":"http:\/\/argentinamunicipal.com.ar\/argentina\/wp-json\/wp\/v2\/posts\/100408","targetHints":{"allow":["GET"]}}],"collection":[{"href":"http:\/\/argentinamunicipal.com.ar\/argentina\/wp-json\/wp\/v2\/posts"}],"about":[{"href":"http:\/\/argentinamunicipal.com.ar\/argentina\/wp-json\/wp\/v2\/types\/post"}],"author":[{"embeddable":true,"href":"http:\/\/argentinamunicipal.com.ar\/argentina\/wp-json\/wp\/v2\/users\/2"}],"replies":[{"embeddable":true,"href":"http:\/\/argentinamunicipal.com.ar\/argentina\/wp-json\/wp\/v2\/comments?post=100408"}],"version-history":[{"count":0,"href":"http:\/\/argentinamunicipal.com.ar\/argentina\/wp-json\/wp\/v2\/posts\/100408\/revisions"}],"wp:featuredmedia":[{"embeddable":true,"href":"http:\/\/argentinamunicipal.com.ar\/argentina\/wp-json\/wp\/v2\/media\/100409"}],"wp:attachment":[{"href":"http:\/\/argentinamunicipal.com.ar\/argentina\/wp-json\/wp\/v2\/media?parent=100408"}],"wp:term":[{"taxonomy":"category","embeddable":true,"href":"http:\/\/argentinamunicipal.com.ar\/argentina\/wp-json\/wp\/v2\/categories?post=100408"},{"taxonomy":"post_tag","embeddable":true,"href":"http:\/\/argentinamunicipal.com.ar\/argentina\/wp-json\/wp\/v2\/tags?post=100408"}],"curies":[{"name":"wp","href":"https:\/\/api.w.org\/{rel}","templated":true}]}}