{"id":100666,"date":"2020-03-25T15:20:56","date_gmt":"2020-03-25T18:20:56","guid":{"rendered":"http:\/\/argentinamunicipal.com.ar\/argentina\/?p=100666"},"modified":"2020-03-25T15:20:56","modified_gmt":"2020-03-25T18:20:56","slug":"el-gobierno-analiza-nuevas-medidas-economicas","status":"publish","type":"post","link":"http:\/\/argentinamunicipal.com.ar\/argentina\/el-gobierno-analiza-nuevas-medidas-economicas\/","title":{"rendered":"El gobierno analiza nuevas medidas econ\u00f3micas"},"content":{"rendered":"<p>El presidente Alberto Fern\u00e1ndez analiz\u00f3 ayer junto a parte de su gabinete \u00abnuevas medidas\u00bb sociales y econ\u00f3micas, en el marco de las pol\u00edticas adoptadas para afrontar el coronavirus, mientras desde las redes sociales continu\u00f3 llevando el mensaje de \u00abQuedate en casa\u00bb a toda la poblaci\u00f3n.<\/p>\n<p>El presidente Alberto Fern\u00e1ndez analiz\u00f3 ayer junto a parte de su gabinete \u00abnuevas medidas\u00bb sociales y econ\u00f3micas, en el marco de las pol\u00edticas adoptadas para afrontar el coronavirus, mientras desde las redes sociales continu\u00f3 llevando el mensaje de \u00abQuedate en casa\u00bb a toda la poblaci\u00f3n.<\/p>\n<p>Desde la residencia de Olivos, Fern\u00e1ndez est\u00e1 en \u00abpermanente\u00bb contacto telef\u00f3nico con miembros de su gabinete nacional para darle seguimiento al cumplimiento del aislamiento social, preventivo y obligatorio dispuesto por decreto de necesidad y urgencia a partir del 20 al 31 de marzo a fin de mitigar la propagaci\u00f3n del Covid-19 en el pa\u00eds, informaron fuentes oficiales.<\/p>\n<p>En este marco, el presidente de la C\u00e1mara de Diputados, Sergio Massa, asegur\u00f3 ayer que \u00absi es necesario extender la cuarentena, el gobierno la va a extender\u00bb, aunque dej\u00f3 claro que la decisi\u00f3n la tomar\u00e1 el presidente \u00aben funci\u00f3n de la opini\u00f3n de las autoridades y del comit\u00e9 de expertos\u00bb porque \u00abesto va para largo y nos obliga a tomar medidas que son casi de econom\u00eda de guerra, que tienen que ver con preparar a nuestra sociedad y preparar a la econom\u00eda para un momento muy particular\u00bb.<\/p>\n<p>Massa dijo que \u00abes probable que pr\u00f3ximamente pueda ser necesario\u00bb convocar al Congreso nacional para dar instrumentos al gobierno en temas como \u00abalquileres, despidos, impuestos\u00bb y afirm\u00f3 que \u00abser\u00e1 con todas las indicaciones que nos den las autoridades sanitarias\u00bb.<\/p>\n<p>\u00abCon el presidente hablamos que es probable que pr\u00f3ximamente pueda ser necesario convocar al Congreso para dar instrumentos al gobierno y a la Argentina\u00bb, expres\u00f3 Massa.<\/p>\n<p>En ese sentido, sostuvo que \u00abhay temas como alquileres, despidos, impuestos, que pueden requerir de leyes para que se puedan solucionar\u00bb y asegur\u00f3: \u00abSi tenemos que sesionar, ser\u00e1 con todas las indicaciones que nos den las autoridades sanitarias\u00bb.<\/p>\n<p>\u00abAyer (por el lunes) aprovech\u00e9 una videoconferencia con todos los presidentes de bloque para manifestarles el agradecimiento del presidente (Alberto) Fern\u00e1ndez por la responsabilidad que est\u00e1n tomando\u00bb, dijo Massa y asegur\u00f3 que \u00aben la guerra contra esta pandemia no hay grieta\u00bb.<\/p>\n<p>Massa advirti\u00f3 que \u00absi se necesita una ley, el Parlamento se va a reunir, eso lo charlamos con todos los l\u00edderes opositores\u00bb. \u00abNos vamos a reunir eventualmente para resolver algunos de los problemas que supone esta pandemia\u00bb, precis\u00f3, y manifest\u00f3 que hay \u00abcasos concretos que requieren de una ley\u00bb.<\/p>\n<h6>Fuente: La Capital<\/h6>\n","protected":false},"excerpt":{"rendered":"<p>El presidente Alberto Fern\u00e1ndez analiz\u00f3 ayer junto a parte de su gabinete \u00abnuevas medidas\u00bb sociales y econ\u00f3micas, en el marco de las pol\u00edticas adoptadas para afrontar el coronavirus<\/p>\n","protected":false},"author":2,"featured_media":100667,"comment_status":"closed","ping_status":"closed","sticky":false,"template":"","format":"standard","meta":{"footnotes":""},"categories":[8],"tags":[21],"class_list":["post-100666","post","type-post","status-publish","format-standard","has-post-thumbnail","hentry","category-informe-nacional","tag-argentina"],"_links":{"self":[{"href":"http:\/\/argentinamunicipal.com.ar\/argentina\/wp-json\/wp\/v2\/posts\/100666","targetHints":{"allow":["GET"]}}],"collection":[{"href":"http:\/\/argentinamunicipal.com.ar\/argentina\/wp-json\/wp\/v2\/posts"}],"about":[{"href":"http:\/\/argentinamunicipal.com.ar\/argentina\/wp-json\/wp\/v2\/types\/post"}],"author":[{"embeddable":true,"href":"http:\/\/argentinamunicipal.com.ar\/argentina\/wp-json\/wp\/v2\/users\/2"}],"replies":[{"embeddable":true,"href":"http:\/\/argentinamunicipal.com.ar\/argentina\/wp-json\/wp\/v2\/comments?post=100666"}],"version-history":[{"count":0,"href":"http:\/\/argentinamunicipal.com.ar\/argentina\/wp-json\/wp\/v2\/posts\/100666\/revisions"}],"wp:featuredmedia":[{"embeddable":true,"href":"http:\/\/argentinamunicipal.com.ar\/argentina\/wp-json\/wp\/v2\/media\/100667"}],"wp:attachment":[{"href":"http:\/\/argentinamunicipal.com.ar\/argentina\/wp-json\/wp\/v2\/media?parent=100666"}],"wp:term":[{"taxonomy":"category","embeddable":true,"href":"http:\/\/argentinamunicipal.com.ar\/argentina\/wp-json\/wp\/v2\/categories?post=100666"},{"taxonomy":"post_tag","embeddable":true,"href":"http:\/\/argentinamunicipal.com.ar\/argentina\/wp-json\/wp\/v2\/tags?post=100666"}],"curies":[{"name":"wp","href":"https:\/\/api.w.org\/{rel}","templated":true}]}}