{"id":100704,"date":"2020-03-26T07:42:30","date_gmt":"2020-03-26T10:42:30","guid":{"rendered":"http:\/\/argentinamunicipal.com.ar\/argentina\/?p=100704"},"modified":"2020-03-26T07:42:30","modified_gmt":"2020-03-26T10:42:30","slug":"las-trabajadoras-que-salen-a-la-calle-en-plena-pandemia","status":"publish","type":"post","link":"http:\/\/argentinamunicipal.com.ar\/argentina\/las-trabajadoras-que-salen-a-la-calle-en-plena-pandemia\/","title":{"rendered":"Las trabajadoras que salen a la calle en plena pandemia"},"content":{"rendered":"<p>Las personas exceptuadas en el decreto que dispuso el aislamiento social preventivo salen a la calle, a\u00fan con la pandemia que ocupa el prime time televisivo hace semanas. Trabajadores de la salud, de la industria de la alimentaci\u00f3n, jefas de obras p\u00fablicas, trabajadores del transporte p\u00fablico y sanidad, se visten, llevan alcohol en gel y salen.<\/p>\n<p>A las cinco de la tarde, Cali sale de su casa. Se toma el transporte p\u00fablico, llega al Hospital de Capital Federal donde trabaja y se pone el ambo. Ella trabaja en el \u00e1rea de terapia intermedia, donde hay s\u00f3lo un barbijo 3M por turno, el que se necesita para proteger a los trabajadores de salud. Cali explica que no s\u00f3lo est\u00e1 expuesta al virus como enfermera, sino tambi\u00e9n a la precarizaci\u00f3n laboral.<\/p>\n<p>\u00abEstoy tratando de que se sepa que enfermer\u00eda no est\u00e1 en la Ley de Profesionales de la Salud. Est\u00e1 excluida y estamos tratando de juntar firmas, de visibilizar justo en este momento, porque estamos considerados como administrativos y nos da mucha bronca porque arriesgamos la vida todos los d\u00edas para atender\u00bb, dice.<\/p>\n<p>Seg\u00fan Cali, a la guardia llega much\u00edsima gente con barbijo, asustada.\u00a0\u201cS\u00e9 por compa\u00f1eras que le dan barbijo com\u00fan a la mayor\u00eda de enfermeros y enfermeras que tratan con estos casos y est\u00e1 mal, el barbijo com\u00fan s\u00f3lo te sirve para salpicaduras, no para no inhalar el aire que est\u00e1n inhalando los contagiados. Tambi\u00e9n ac\u00e1 en el hospital no hay tantos insumos y los barbijos de tipo 395 -los espec\u00edficos para m\u00e9dicxs y enfermerxs- salen m\u00e1s de $5000. Por eso ni sanatorios ni hospitales quieren repartir muchos\u201d, cuenta.<\/p>\n<p>A la misma hora que Cali entra a trabajar, Mar\u00eda descansa despu\u00e9s de trabajar de lunes a viernes en un laboratorio farmac\u00e9utico 8 horas y media. Adem\u00e1s, hace dos guardias al mes de 12 horas en un hospital. Al principio para ella la preocupaci\u00f3n era el dengue. Hab\u00edan llegado cinco casos en un d\u00eda a la guardia cuando lo usual era uno solo por verano como mucho. \u201cNo me preocupa tanto contagiarme yo sino contagiar a alguien de mi entorno. Sigo todas las indicaciones y lo tengo bastante incorporado por mi trabajo. Es duro, porque una va a trabajar con un poco m\u00e1s de tensi\u00f3n. Por otro lado, estoy esperando que me llamen a hacer m\u00e1s guardias, siento mucha adrenalina\u201d, cuenta.<\/p>\n<p>Mar\u00eda forma parte de la categor\u00eda de personas exceptuadas al decreto que obliga a las personas a realizar el aislamiento preventivo. Tiene un hijo peque\u00f1o y reparte las tareas de cuidado y crianza con su pareja. Expresa su preocupaci\u00f3n varias veces por el temor a contagiar a su hijo o su marido, sabe que tiene muy incorporadas las pr\u00e1cticas de prevenci\u00f3n. \u201cEn el laboratorio no se puede dejar de producir, eso te empuja a seguir\u201d, explica.<\/p>\n<p>\u00abSalir es parte de ser personal de la salud. Con el laboratorio lo pienso m\u00e1s porque hay pacientes que si o si tiene que tomar su medicaci\u00f3n. Estar yendo a trabajar tiene ese fruto, lo pienso del lado de los pacientes. Con el hospital supongo que la semana que viene tendr\u00e9 guardia. Se que tendr\u00e9 que ir con m\u00e1s recaudos. Estoy ansiosa por ser \u00fatil, estoy con ganas. Pero obviamente tengo miedo, porque uno puede tratar de protegerse lo m\u00e1ximo que se puede, pero todo puede pasar\u00bb<\/p>\n<p><strong>El trabajo, la casa, la crianza<\/strong><br \/>\nPaula cuelga la vincha de call center y resopla. Cierra la computadora y se estira en la silla giratoria. Parece una imagen cotidiana de alguien en su oficina, excepto que ella est\u00e1 en su casa vendiendo para una compa\u00f1\u00eda de cable. Trabaj\u00f3 seis horas, adem\u00e1s de estar a cargo de las tareas de cuidado y crianza de sus hijas.<\/p>\n<p>\u00abAyer tuve que estar con las nenas todo el d\u00eda con la tarea que le mandan, al mismo tiempo que tuve que trabajar atendiendo clientes desde mi casa. Estoy separada, y con el padre acordamos que ellas se quedaban conmigo. Pero es todo un tema. Me levanto muy temprano, trato de repasar un poco la casa, hacerles el desayuno, pedirles que estudien (lo cual en la casa, con todas las distracciones est\u00e1 complicad\u00edsimo). Despu\u00e9s ponerme la vincha, conectarme al sistema y atender. No est\u00e1 f\u00e1cil\u00bb, cuenta, mientras se escuchan a sus hijas de fondo y ruido de cacerolas.<\/p>\n<p>Paula forma parte del gran -e incalculable- n\u00famero de trabajadores y trabajadoras que tienen que continuar sus tareas laborales desde la casa. Lo que al principio son\u00f3 a propuesta atractiva, luego pas\u00f3 a ser un problema. La suspensi\u00f3n de clases y la cuarentena obligatoria -medidas necesarias para la prevenci\u00f3n del contagio y la expansi\u00f3n del virus- llevaron a replantear rutinas cotidianas en muchos hogares.<\/p>\n<p>As\u00ed como Paula a\u00fan puede mantener su actividad, Josefina est\u00e1 pregunt\u00e1ndose c\u00f3mo podr\u00e1 subsistir los pr\u00f3ximos d\u00edas. Ella es artesana, aut\u00f3noma, y la feria en la que vende tuvo que cerrar por la alta concentraci\u00f3n de turistas que asisten.<\/p>\n<p>\u00abLa feria se suspendi\u00f3 y no se cu\u00e1nto tiempo pasar\u00e1 hasta que vuelva. Todos mis compa\u00f1eros est\u00e1n desesperados, vivimos de eso y no tenemos otra entrada que no sea el turismo. Algunos tienen planes sociales, pero otros como yo no tenemos planes de nada. Cuando se habla de los que son totalmente aut\u00f3nomos, estamos incluidos en eso. Hay casos por ejemplo en que la familia zafa porque quiz\u00e1s la pareja tiene un trabajo formal y puede sobrellevar la situaci\u00f3n. Pero otros viven totalmente al d\u00eda. Hay que ver c\u00f3mo sigue esto. Trabaj\u00e9 todo el verano much\u00edsimo y sin descanso. Pensaba tomarme unos d\u00edas, pero no lo hice. Menos mal, sino ahora no s\u00e9 c\u00f3mo estar\u00eda\u00bb, explica.<\/p>\n<p>Josefina forma parte del enorme n\u00famero de trabajadores no registrados y monotributistas -se estiman que son alrededor de cinco millones de personas- que la cuarentena puso en jaque su sustento econ\u00f3mico y, por ende, su supervivencia. El gobierno anunci\u00f3 que realizar\u00eda medidas para alivianar las cargas impositivas para este sector, pero tampoco hay una clara garant\u00eda de c\u00f3mo van a vivir ni de qu\u00e9, ya que el trabajo se cort\u00f3 y los ingresos tambi\u00e9n. Las preocupaciones fueron en aumento y resta saber qu\u00e9 pasara con este sector enorme que es el primero en sufrir la precarizaci\u00f3n laboral.<\/p>\n<p>Camila es arquitecta y jefa de obra de una de las obras p\u00fablicas del gobierno de la Ciudad. Como tambi\u00e9n est\u00e1 exceptuada, tiene que ir a trabajar junto a los obreros para continuar la obra porque, aunque haya pandemia, algunas industrias no frenan. Tendr\u00e1 que presentar comprobantes, permisos, higienizarse y arrancar. \u201cHonestamente no me dan ganas de salir con esta situaci\u00f3n. Pero es as\u00ed. Con todo lo que est\u00e1 pasando, tenemos que exponernos en las obras\u201d, dice. Desde su casa, dise\u00f1a. Hace presupuestos. Trata de resolver lo m\u00e1s que pueda para evitar tener grandes cargas de tareas para cuando salga.<\/p>\n<p>\u201cHay que seguir\u201d, dice Cali, a punto de hacer guardia.<\/p>\n<h6>Fuente: P\u00e1gina 12<\/h6>\n","protected":false},"excerpt":{"rendered":"<p>Las personas exceptuadas en el decreto que dispuso el aislamiento social preventivo salen a la calle, a\u00fan con la pandemia que ocupa el prime time televisivo hace semanas<\/p>\n","protected":false},"author":2,"featured_media":100705,"comment_status":"closed","ping_status":"closed","sticky":false,"template":"","format":"standard","meta":{"footnotes":""},"categories":[8],"tags":[21],"class_list":["post-100704","post","type-post","status-publish","format-standard","has-post-thumbnail","hentry","category-informe-nacional","tag-argentina"],"_links":{"self":[{"href":"http:\/\/argentinamunicipal.com.ar\/argentina\/wp-json\/wp\/v2\/posts\/100704","targetHints":{"allow":["GET"]}}],"collection":[{"href":"http:\/\/argentinamunicipal.com.ar\/argentina\/wp-json\/wp\/v2\/posts"}],"about":[{"href":"http:\/\/argentinamunicipal.com.ar\/argentina\/wp-json\/wp\/v2\/types\/post"}],"author":[{"embeddable":true,"href":"http:\/\/argentinamunicipal.com.ar\/argentina\/wp-json\/wp\/v2\/users\/2"}],"replies":[{"embeddable":true,"href":"http:\/\/argentinamunicipal.com.ar\/argentina\/wp-json\/wp\/v2\/comments?post=100704"}],"version-history":[{"count":0,"href":"http:\/\/argentinamunicipal.com.ar\/argentina\/wp-json\/wp\/v2\/posts\/100704\/revisions"}],"wp:featuredmedia":[{"embeddable":true,"href":"http:\/\/argentinamunicipal.com.ar\/argentina\/wp-json\/wp\/v2\/media\/100705"}],"wp:attachment":[{"href":"http:\/\/argentinamunicipal.com.ar\/argentina\/wp-json\/wp\/v2\/media?parent=100704"}],"wp:term":[{"taxonomy":"category","embeddable":true,"href":"http:\/\/argentinamunicipal.com.ar\/argentina\/wp-json\/wp\/v2\/categories?post=100704"},{"taxonomy":"post_tag","embeddable":true,"href":"http:\/\/argentinamunicipal.com.ar\/argentina\/wp-json\/wp\/v2\/tags?post=100704"}],"curies":[{"name":"wp","href":"https:\/\/api.w.org\/{rel}","templated":true}]}}