{"id":100716,"date":"2020-03-26T07:56:39","date_gmt":"2020-03-26T10:56:39","guid":{"rendered":"http:\/\/argentinamunicipal.com.ar\/argentina\/?p=100716"},"modified":"2020-03-26T07:56:39","modified_gmt":"2020-03-26T10:56:39","slug":"coronavirus-el-impacto-economico-en-los-comercios-santafesinos-de-cercania","status":"publish","type":"post","link":"http:\/\/argentinamunicipal.com.ar\/argentina\/coronavirus-el-impacto-economico-en-los-comercios-santafesinos-de-cercania\/","title":{"rendered":"Coronavirus: el impacto econ\u00f3mico en los comercios santafesinos de cercan\u00eda"},"content":{"rendered":"<p>Un comerciante de barrio Candioti Norte asegur\u00f3 a El Litoral que las ventas cayeron porque se perdi\u00f3 el cliente \u201cde paso\u201d.<\/p>\n<p>Con el aislamiento preventivo dispuesto por las autoridades, pocos son los comercios que pueden mantenerse abiertos. Los que expenden alimentos son los menos perjudicados, ya que la cadena de reposici\u00f3n est\u00e1 asegurada. De todos modos, tambi\u00e9n sufren las consecuencias econ\u00f3micas.<\/p>\n<p>\u201cAc\u00e1 el movimiento es muy poco, la gente ha dejado de salir, nos manejamos por Whatsapp o llamadas de tel\u00e9fono, m\u00e1s por las personas grandes que por ah\u00ed corren m\u00e1s riesgo de salir\u201d, coment\u00f3 un comerciante. \u201cTratamos de llevar al domicilio, alcanzarle al vecino, pero al cliente \u201cde paso\u201d ya no se lo ve, los negocios de alrededor est\u00e1n todos cerrados, desde el d\u00eda que se decret\u00f3, en colectivo pasa poca gente, ha acatado la orden la gente del barrio\u201d, asegur\u00f3, pero admiti\u00f3 tambi\u00e9n que \u201clas ventas cayeron\u201d.<\/p>\n<p>En tanto, manifest\u00f3 que aunque \u201clos proveedores no subieron los precios\u201d, \u201cse hace dif\u00edcil conseguir alcohol, alcohol en gel, es algo que est\u00e1 faltando en todos lados\u201d.<\/p>\n<p>Consultado sobre las compras preferidas por los vecinos, indic\u00f3 que \u201cla gente lleva lavandina, agua mineral, flanes, torta, harina&#8230;\u201d, \u201cla gente est\u00e1 haciendo cosas en la casa para no salir\u201d, reflexion\u00f3.<\/p>\n<p>En cuanto a la higiene del local, reconoci\u00f3 que atienden con guantes y usan alcohol en gel, y no dejan entrar a la gente: \u201ctocamos nosotros nom\u00e1s y limpiamos las heladeras con alcohol\u201d, lament\u00f3.<\/p>\n<h6>Fuente: El Litoral<\/h6>\n","protected":false},"excerpt":{"rendered":"<p>Un comerciante de barrio Candioti Norte asegur\u00f3 a El Litoral que las ventas cayeron porque se perdi\u00f3 el cliente \u201cde paso\u201d.<\/p>\n","protected":false},"author":2,"featured_media":100717,"comment_status":"closed","ping_status":"closed","sticky":false,"template":"","format":"standard","meta":{"footnotes":""},"categories":[5],"tags":[10],"class_list":["post-100716","post","type-post","status-publish","format-standard","has-post-thumbnail","hentry","category-informe-economico","tag-santa-fe"],"_links":{"self":[{"href":"http:\/\/argentinamunicipal.com.ar\/argentina\/wp-json\/wp\/v2\/posts\/100716","targetHints":{"allow":["GET"]}}],"collection":[{"href":"http:\/\/argentinamunicipal.com.ar\/argentina\/wp-json\/wp\/v2\/posts"}],"about":[{"href":"http:\/\/argentinamunicipal.com.ar\/argentina\/wp-json\/wp\/v2\/types\/post"}],"author":[{"embeddable":true,"href":"http:\/\/argentinamunicipal.com.ar\/argentina\/wp-json\/wp\/v2\/users\/2"}],"replies":[{"embeddable":true,"href":"http:\/\/argentinamunicipal.com.ar\/argentina\/wp-json\/wp\/v2\/comments?post=100716"}],"version-history":[{"count":0,"href":"http:\/\/argentinamunicipal.com.ar\/argentina\/wp-json\/wp\/v2\/posts\/100716\/revisions"}],"wp:featuredmedia":[{"embeddable":true,"href":"http:\/\/argentinamunicipal.com.ar\/argentina\/wp-json\/wp\/v2\/media\/100717"}],"wp:attachment":[{"href":"http:\/\/argentinamunicipal.com.ar\/argentina\/wp-json\/wp\/v2\/media?parent=100716"}],"wp:term":[{"taxonomy":"category","embeddable":true,"href":"http:\/\/argentinamunicipal.com.ar\/argentina\/wp-json\/wp\/v2\/categories?post=100716"},{"taxonomy":"post_tag","embeddable":true,"href":"http:\/\/argentinamunicipal.com.ar\/argentina\/wp-json\/wp\/v2\/tags?post=100716"}],"curies":[{"name":"wp","href":"https:\/\/api.w.org\/{rel}","templated":true}]}}