{"id":100742,"date":"2020-03-27T06:49:56","date_gmt":"2020-03-27T09:49:56","guid":{"rendered":"http:\/\/argentinamunicipal.com.ar\/argentina\/?p=100742"},"modified":"2020-03-27T06:49:56","modified_gmt":"2020-03-27T09:49:56","slug":"santa-fe-advertencia-de-festram-por-el-estado-sanitario-de-trabajadores-en-la-emergencia","status":"publish","type":"post","link":"http:\/\/argentinamunicipal.com.ar\/argentina\/santa-fe-advertencia-de-festram-por-el-estado-sanitario-de-trabajadores-en-la-emergencia\/","title":{"rendered":"Santa Fe: Advertencia de FESTRAM por el estado sanitario de trabajadores en la emergencia"},"content":{"rendered":"<p>MUNICIPIOS INFRINGEN LA NORMATIVA Y OBLIGAN A CUMPLIR TAREAS EN RIESGO SANITARIO<\/p>\n<p>La Federaci\u00f3n que agrupa a los Gremios Municipales de la Provincia exige el cumplimiento de los protocolos de seguridad y advirti\u00f3 que demandar\u00e1 civil y penalmente a las Autoridades Municipales que abusan de sus facultades, obligando a concurrir a sus labores habituales a trabajadores que no est\u00e1n sujetos a tareas en la emergencia sanitaria.<\/p>\n<p>Por otra parte, sin la constituci\u00f3n de los Comit\u00e9s Mixtos de Salud, Higiene y Seguridad en el trabajo que obliga la Ley 12913, muchos trabajadores y trabajadoras que se desempe\u00f1an en tareas para enfrentar la pandemia del Coronavirus y la epidemia del Dengue, act\u00faan sin los elementos de protecci\u00f3n necesaria para evitar contagios y enfermedades.<\/p>\n<p>Desde FESTRAM se canalizan las denuncias recibidas, como ocurri\u00f3 con las Municipalidades de Avellaneda, Las Rosas y San Carlos Centro. Las dos \u00faltimas denunciadas en sede policial y con notificaci\u00f3n al Ministerio de Seguridad, Salud y Trabajo.<\/p>\n<p>Estos hechos ponen en grave riesgo a los trabajadores, pero tambi\u00e9n al conjunto de la poblaci\u00f3n, con el peligro de transformar a compa\u00f1eros y compa\u00f1eras en vectores de transmisi\u00f3n de enfermedades.<\/p>\n<p><strong>IGUALDAD DE TRATAMIENTO\u00a0<\/strong><\/p>\n<p>Por otra parte, FESTRAM recurre a la solidaridad y justicia que deben adoptar los Jefes Comunales con el personal afectado en la emergencia, con igual consideraci\u00f3n econ\u00f3mica que tiene el Gobierno Provincial para con los trabajadores p\u00fablicos tambi\u00e9n afectados en esta emergencia seg\u00fan el anuncio del Ejecutivo de la Provincia.<\/p>\n<p>Es de absoluta irresponsabilidad utilizar trabajadores informales o precarizados en esta emergencia, el abuso de autoridad no tiene l\u00edmite. Es incre\u00edble que Intendentes expongan a trabajadores y trabajadoras informales, sin seguros, sin ART, sin Obra Social y sin salarios m\u00ednimos a quedar a merced de la pandemia. Esto es un acto criminal que tambi\u00e9n ser\u00e1 denunciado.<\/p>\n<h6>PRENSA FESTRAM<\/h6>\n","protected":false},"excerpt":{"rendered":"<p>MUNICIPIOS INFRINGEN LA NORMATIVA Y OBLIGAN A CUMPLIR TAREAS EN RIESGO SANITARIO<\/p>\n","protected":false},"author":2,"featured_media":100743,"comment_status":"closed","ping_status":"closed","sticky":false,"template":"","format":"standard","meta":{"footnotes":""},"categories":[7],"tags":[10],"class_list":["post-100742","post","type-post","status-publish","format-standard","has-post-thumbnail","hentry","category-informe-sindical","tag-santa-fe"],"_links":{"self":[{"href":"http:\/\/argentinamunicipal.com.ar\/argentina\/wp-json\/wp\/v2\/posts\/100742","targetHints":{"allow":["GET"]}}],"collection":[{"href":"http:\/\/argentinamunicipal.com.ar\/argentina\/wp-json\/wp\/v2\/posts"}],"about":[{"href":"http:\/\/argentinamunicipal.com.ar\/argentina\/wp-json\/wp\/v2\/types\/post"}],"author":[{"embeddable":true,"href":"http:\/\/argentinamunicipal.com.ar\/argentina\/wp-json\/wp\/v2\/users\/2"}],"replies":[{"embeddable":true,"href":"http:\/\/argentinamunicipal.com.ar\/argentina\/wp-json\/wp\/v2\/comments?post=100742"}],"version-history":[{"count":0,"href":"http:\/\/argentinamunicipal.com.ar\/argentina\/wp-json\/wp\/v2\/posts\/100742\/revisions"}],"wp:featuredmedia":[{"embeddable":true,"href":"http:\/\/argentinamunicipal.com.ar\/argentina\/wp-json\/wp\/v2\/media\/100743"}],"wp:attachment":[{"href":"http:\/\/argentinamunicipal.com.ar\/argentina\/wp-json\/wp\/v2\/media?parent=100742"}],"wp:term":[{"taxonomy":"category","embeddable":true,"href":"http:\/\/argentinamunicipal.com.ar\/argentina\/wp-json\/wp\/v2\/categories?post=100742"},{"taxonomy":"post_tag","embeddable":true,"href":"http:\/\/argentinamunicipal.com.ar\/argentina\/wp-json\/wp\/v2\/tags?post=100742"}],"curies":[{"name":"wp","href":"https:\/\/api.w.org\/{rel}","templated":true}]}}