{"id":101069,"date":"2020-04-04T09:51:40","date_gmt":"2020-04-04T12:51:40","guid":{"rendered":"http:\/\/argentinamunicipal.com.ar\/argentina\/?p=101069"},"modified":"2020-04-05T19:02:12","modified_gmt":"2020-04-05T22:02:12","slug":"rosario-presentan-amparos-para-que-las-art-incluyan-al-covid-19-como-enfermedad-laboral","status":"publish","type":"post","link":"http:\/\/argentinamunicipal.com.ar\/argentina\/rosario-presentan-amparos-para-que-las-art-incluyan-al-covid-19-como-enfermedad-laboral\/","title":{"rendered":"Rosario: Presentan amparos para que las ART incluyan al Covid-19 como enfermedad laboral"},"content":{"rendered":"<p>Un delegado del Hospital Italiano y una enfermera del Hospital Torn\u00fa, ambos militantes del frente de izquierda MST-FIT, presentaron los primeros amparos ante la Justicia laboral para que las Aseguradoras de Riesgo de Trabajo (ART) contemplen al coronavirus como enfermedad laboral.<\/p>\n<p>Un delegado del Hospital Italiano y una enfermera del Hospital Torn\u00fa, ambos militantes del frente de izquierda MST-FIT, presentaron los primeros amparos ante la Justicia laboral para que las Aseguradoras de Riesgo de Trabajo (ART) contemplen al coronavirus como enfermedad laboral.<\/p>\n<p>Se trata de C\u00e9sar Latorre, delegado del Italiano, y de Carolina C\u00e1ceres, enfermera del Torn\u00fa, quienes presentaron los amparos para que sus ART cubran los riesgos por coronavirus, ya que las aseguradoras se niegan a hacerlo.<\/p>\n<p>Desde la Superintendencia de Riesgos de Trabajo admitieron la situaci\u00f3n y -seg\u00fan el frente- advirtieron que, llegado el caso, las ART deber\u00e1n cubrir a los empleados si se contagian con el virus.<\/p>\n<p>Adem\u00e1s de los m\u00e9dicos y enfermeros, en esta misma situaci\u00f3n se encuentran enfermeros, camilleros, ambulancieros, personal de las fuerzas de seguridad, tripulaciones a\u00e9reas y hasta los empleados de los supermercados. El amparo, que patrocinan las abogadas Mariana Chiacchio y Claudia Lea\u00f1os, del Cadhu (Centro de Abogades por los Derechos Humanos), recay\u00f3 en el Juzgado Nacional del Trabajo 45, a cargo de la jueza Rosal\u00eda Romero.<\/p>\n<p>\u00abEn el Italiano, que es el mayor establecimiento de la salud privada del pa\u00eds, ya llevamos cinco casos de contagio de trabajadores por coronavirus por negligencia patronal. Exigimos que la ART La Segunda garantice la cobertura y que el hospital haga un testeo inmediato a todo el personal y se ponga a disposici\u00f3n de las necesidades p\u00fablicas en forma gratuita\u00bb, dijo Latorre, a trav\u00e9s de un comunicado. \u00abLos trabajadores estamos en la primera l\u00ednea de fuego en esta batalla y es una locura completa que la ART no cubra nuestros riesgos. El gobierno porte\u00f1o, que no reconoce a enfermer\u00eda como parte de la carrera profesional, no nos protege debidamente. Por eso en mi amparo demandamos a Provincia ART y al Gcba para que se hagan cargo\u00bb, sostuvo C\u00e1ceres.<\/p>\n<h6>Fuente: La Capital<\/h6>\n","protected":false},"excerpt":{"rendered":"<p>Un delegado del Hospital Italiano y una enfermera del Hospital Torn\u00fa, ambos militantes del frente de izquierda MST-FIT, presentaron los primeros amparos ante la Justicia laboral para que las Aseguradoras de Riesgo de Trabajo (ART) contemplen al coronavirus como enfermedad laboral.<\/p>\n","protected":false},"author":2,"featured_media":101070,"comment_status":"closed","ping_status":"closed","sticky":false,"template":"","format":"standard","meta":{"footnotes":""},"categories":[2],"tags":[10],"class_list":["post-101069","post","type-post","status-publish","format-standard","has-post-thumbnail","hentry","category-informe-municipal","tag-santa-fe"],"_links":{"self":[{"href":"http:\/\/argentinamunicipal.com.ar\/argentina\/wp-json\/wp\/v2\/posts\/101069","targetHints":{"allow":["GET"]}}],"collection":[{"href":"http:\/\/argentinamunicipal.com.ar\/argentina\/wp-json\/wp\/v2\/posts"}],"about":[{"href":"http:\/\/argentinamunicipal.com.ar\/argentina\/wp-json\/wp\/v2\/types\/post"}],"author":[{"embeddable":true,"href":"http:\/\/argentinamunicipal.com.ar\/argentina\/wp-json\/wp\/v2\/users\/2"}],"replies":[{"embeddable":true,"href":"http:\/\/argentinamunicipal.com.ar\/argentina\/wp-json\/wp\/v2\/comments?post=101069"}],"version-history":[{"count":0,"href":"http:\/\/argentinamunicipal.com.ar\/argentina\/wp-json\/wp\/v2\/posts\/101069\/revisions"}],"wp:featuredmedia":[{"embeddable":true,"href":"http:\/\/argentinamunicipal.com.ar\/argentina\/wp-json\/wp\/v2\/media\/101070"}],"wp:attachment":[{"href":"http:\/\/argentinamunicipal.com.ar\/argentina\/wp-json\/wp\/v2\/media?parent=101069"}],"wp:term":[{"taxonomy":"category","embeddable":true,"href":"http:\/\/argentinamunicipal.com.ar\/argentina\/wp-json\/wp\/v2\/categories?post=101069"},{"taxonomy":"post_tag","embeddable":true,"href":"http:\/\/argentinamunicipal.com.ar\/argentina\/wp-json\/wp\/v2\/tags?post=101069"}],"curies":[{"name":"wp","href":"https:\/\/api.w.org\/{rel}","templated":true}]}}