{"id":101124,"date":"2020-04-06T05:00:14","date_gmt":"2020-04-06T08:00:14","guid":{"rendered":"http:\/\/argentinamunicipal.com.ar\/argentina\/?p=101124"},"modified":"2020-04-06T06:53:38","modified_gmt":"2020-04-06T09:53:38","slug":"se-dispara-la-demanda-de-asistencia-alimentaria-en-los-barrios-rosarinos","status":"publish","type":"post","link":"http:\/\/argentinamunicipal.com.ar\/argentina\/se-dispara-la-demanda-de-asistencia-alimentaria-en-los-barrios-rosarinos\/","title":{"rendered":"Se dispara la demanda de asistencia alimentaria en los barrios rosarinos"},"content":{"rendered":"<p>El aislamiento preventivo por la pandemia complic\u00f3 el panorama de las zonas m\u00e1s humildes de la ciudad.<\/p>\n<p>El impacto de la pandemia y el aislamiento en los barrios, la imposibilidad de \u00abhacer el mango\u00bb, la changa o juntar cartones, profundiz\u00f3 en las \u00faltimas semanas un panorama ya de por s\u00ed complejo. Al ritmo que el Estado incrementa la ayuda alimentaria, las organizaciones sociales registran que la demanda se dispara en los barrios, y a veces la ayuda no llega tan f\u00e1cilmente. As\u00ed lo marcaron en los extremos m\u00e1s vulnerables de la ciudad integrantes de la organizaci\u00f3n La Poderosa, con dos comedores en Rosario y uno en Granadero Baigorria, y el referente de Hogar Nuestra Casa, en Empalme Graneros.<\/p>\n<p>El escenario de la pobreza en todo el pa\u00eds y en el Gran Rosario es delicado. As\u00ed lo mostraron las mediciones del Indec del \u00faltimo trimestre de 2019, que registraron un incremento de 3,2 puntos de los \u00edndices de pobreza alcanzando un 35 por ciento. La indigencia, en tanto, dio un salto interanual del 1,3 por ciento, y lleg\u00f3 al el 7,3 por ciento.<\/p>\n<p>\u00abEn los comedores se triplicaron las raciones\u00bb, se\u00f1al\u00f3 Georgina, de La Poderosa, y apunt\u00f3 que s\u00f3lo en Los Pumitas las raciones de copa de leche pasaron de 120 a 500 en las \u00faltimas semanas. A los que se suman los espacios de Villa La Cari\u00f1osa y en Baigorria.<\/p>\n<p>En ese escenario, adem\u00e1s, no tienen agua corriente. \u00abLa gente la junta de madrugada para tener y lavarse, pero esos recipientes quedan todo el d\u00eda y es peligroso para el dengue\u00bb, se\u00f1al\u00f3.<\/p>\n<p>La organizaci\u00f3n, que tiene anclaje a nivel nacional, hasta comienzos de 2020 recib\u00eda un aporte del municipio, que por estos d\u00edas esperan que vuelva a entregarse. Mientras tanto, y como todos sus proyectos productivos se encuentran parados en el marco de la cuarentena, pusieron en marcha una campa\u00f1a en el pa\u00eds a trav\u00e9s de una cuenta bancaria donde se puede colaborar (CBU 1910022355002200206046) que permite financiar bolsones de ayuda solidaria de 200, 500 y 100 pesos.<\/p>\n<p>Claudio Paldini est\u00e1 al frente del Hogar Nuestra Casa, un espacio que \u00e9l mismo levant\u00f3 junto a la v\u00eda en Empalme Graneros y donde aloja a una decena de personas en situaci\u00f3n de calle, y desde donde adem\u00e1s intenta \u00abdar una mano a las familias del barrio\u00bb.<\/p>\n<p>\u00abNo recibimos nada, y sobrevivimos gracias a las donaciones que hace la gente y algunos espacios\u00bb, se\u00f1al\u00f3 el hombre, que abri\u00f3 el lugar hace tres a\u00f1os.<\/p>\n<h6>Fuente: La Capital<\/h6>\n","protected":false},"excerpt":{"rendered":"<p>El aislamiento preventivo por la pandemia complic\u00f3 el panorama de las zonas m\u00e1s humildes de la ciudad.<\/p>\n","protected":false},"author":2,"featured_media":101125,"comment_status":"closed","ping_status":"closed","sticky":false,"template":"","format":"standard","meta":{"footnotes":""},"categories":[2],"tags":[10],"class_list":["post-101124","post","type-post","status-publish","format-standard","has-post-thumbnail","hentry","category-informe-municipal","tag-santa-fe"],"_links":{"self":[{"href":"http:\/\/argentinamunicipal.com.ar\/argentina\/wp-json\/wp\/v2\/posts\/101124","targetHints":{"allow":["GET"]}}],"collection":[{"href":"http:\/\/argentinamunicipal.com.ar\/argentina\/wp-json\/wp\/v2\/posts"}],"about":[{"href":"http:\/\/argentinamunicipal.com.ar\/argentina\/wp-json\/wp\/v2\/types\/post"}],"author":[{"embeddable":true,"href":"http:\/\/argentinamunicipal.com.ar\/argentina\/wp-json\/wp\/v2\/users\/2"}],"replies":[{"embeddable":true,"href":"http:\/\/argentinamunicipal.com.ar\/argentina\/wp-json\/wp\/v2\/comments?post=101124"}],"version-history":[{"count":0,"href":"http:\/\/argentinamunicipal.com.ar\/argentina\/wp-json\/wp\/v2\/posts\/101124\/revisions"}],"wp:featuredmedia":[{"embeddable":true,"href":"http:\/\/argentinamunicipal.com.ar\/argentina\/wp-json\/wp\/v2\/media\/101125"}],"wp:attachment":[{"href":"http:\/\/argentinamunicipal.com.ar\/argentina\/wp-json\/wp\/v2\/media?parent=101124"}],"wp:term":[{"taxonomy":"category","embeddable":true,"href":"http:\/\/argentinamunicipal.com.ar\/argentina\/wp-json\/wp\/v2\/categories?post=101124"},{"taxonomy":"post_tag","embeddable":true,"href":"http:\/\/argentinamunicipal.com.ar\/argentina\/wp-json\/wp\/v2\/tags?post=101124"}],"curies":[{"name":"wp","href":"https:\/\/api.w.org\/{rel}","templated":true}]}}