{"id":101356,"date":"2020-04-13T06:50:30","date_gmt":"2020-04-13T09:50:30","guid":{"rendered":"http:\/\/argentinamunicipal.com.ar\/argentina\/?p=101356"},"modified":"2020-04-12T19:34:40","modified_gmt":"2020-04-12T22:34:40","slug":"santa-fe-anuncios-sobre-nuevos-protocolos-obligatorios-de-seguridad-para-el-trabajo","status":"publish","type":"post","link":"http:\/\/argentinamunicipal.com.ar\/argentina\/santa-fe-anuncios-sobre-nuevos-protocolos-obligatorios-de-seguridad-para-el-trabajo\/","title":{"rendered":"Santa Fe: Anuncios sobre nuevos Protocolos Obligatorios de Seguridad para el Trabajo"},"content":{"rendered":"<p>LO DISPUSO EL GOBIERNO PROVINCIAL POR LA PANDEMIA DEL COVID-19. LA RESOLUCI\u00d3N FUE DICTADA POR EL MINISTERIO DE TRABAJO Y LOS EMPLEADORES DEBER\u00c1N ENTREGAR ELEMENTOS DE PROTECCI\u00d3N PERSONAL Y BRINDAR INFORMACI\u00d3N A LOS EMPLEADOS.<\/p>\n<p>El Ministerio de Trabajo, Empleo y Seguridad Social de Santa Fe dict\u00f3 una resoluci\u00f3n en la que obliga a los sectores autorizados a funcionar a implementar un Protocolo de Prevenci\u00f3n del\u00a0Coronavirus\u00a0que debe contener una evaluaci\u00f3n de los riesgos de contagio seg\u00fan los puestos de trabajo, y las correspondientes medidas de prevenci\u00f3n para evitar la transmisi\u00f3n y propagaci\u00f3n de la enfermedad.<\/p>\n<p>Adem\u00e1s, los empleadores tendr\u00e1n que capacitar a su personal y entregar elementos de protecci\u00f3n personal y de prevenci\u00f3n. Por otra parte, deber\u00e1n confeccionar un Protocolo de Traslado a los lugares de trabajo, priorizando m\u00e9todos alternativos que minimicen el uso del transporte p\u00fablico de pasajeros. A su vez, instan a promover el \u201cteletrabajo\u201d para aquellos empleados considerados \u201cno esenciales\u201d en la organizaci\u00f3n.<\/p>\n<p>En este sentido, el ministro Sukerman detall\u00f3: \u201cCon el gobernador Omar Perotti decidimos hacerlo obligatorio. Vemos que en alg\u00fan punto hay un cierto relajamiento en algunos lugares, tenemos que estar m\u00e1s firmes, cuidar la salud de los trabajadores, y obligar a que cumplan con esos protocolos\u201d.<\/p>\n<p>Adem\u00e1s, explic\u00f3 que no habr\u00e1 un protocolo \u00fanico, sino que se realizar\u00e1n sugerencias de acuerdo a los rubros espec\u00edficos.<\/p>\n<p><strong>Vemos que en alg\u00fan punto hay un cierto relajamiento, y tenemos que cuidar la salud de los trabajadores<\/strong><\/p>\n<p><strong>Roberto Sukerman, Ministro de Trabajo<\/strong><\/p>\n<p>Entre las disposiciones generales cabe destacar la centralidad de revisar y adecuar los procesos productivos y\/o diferentes tareas fundamentales en base a turnos de trabajo, disposici\u00f3n de descansos, de manera tal de garantizar las medidas de prevenci\u00f3n recomendadas durante toda la jornada de trabajo, como son, entre otras, distancia entre personas.<\/p>\n<p>En la resoluci\u00f3n, tambi\u00e9n est\u00e1 previsto la elaboraci\u00f3n de una pol\u00edtica de limpieza general, garantizando la desinfecci\u00f3n peri\u00f3dica del establecimiento, sobre todo en \u00e1reas de mayor circulaci\u00f3n e ingreso. Asimismo, se deber\u00e1 realizar un Registro de las Declaraciones Juradas de Salud de los trabajadores. Dicho formulario se adjunta a la presente resoluci\u00f3n. El incumplimiento de esta normativa ser\u00e1 sancionada de acuerdo a la Ley 10.468 que establece multas y suspensi\u00f3n de la actividad. En esta l\u00ednea, desde la cartera laboral convocan a Municipios y Comunas de la provincia a fiscalizar y controlar el cumplimiento de las disposiciones establecidas en la resoluci\u00f3n.<\/p>\n<p>Entre otras recomendaciones preventivas de car\u00e1cter general, es importante mencionar que se deben desarrollar dentro de las establecimientos campa\u00f1as de divulgaci\u00f3n sobre los buenos h\u00e1bitos de higiene y medidas preventivas en los \u00e1mbitos de producci\u00f3n.<\/p>\n<p>Reforzar la rutina diaria de limpieza en los lugares de trabajo comunes, ba\u00f1o y vestuario, para ello, lo recomendable es el uso de alcohol 70%, lavandina, etc. Ventilar todos los ambientes tratando de favorecer ambientes secos.<\/p>\n<p>Lavarse las manos frecuentemente y evitar el contacto f\u00edsico, para ello, debemos mantener la distancia de al menos 1,5 metros entre personas.<br \/>\nEvitar compartir elementos personales. Cambiarse y lavar diariamente la ropa de trabajo.<\/p>\n<p>Restringir el acceso a los establecimientos a personas de riesgo (entre ellas, mayores de 60 a\u00f1os o con problemas de base respiratorias o diabetes)<\/p>\n<p>Revisar y adecuar las diferentes tareas fundamentales en base a turnos de trabajo, disposici\u00f3n de descansos, de manera tal de garantizar las medidas de prevenci\u00f3n recomendadas durante toda la jornada de trabajo, como son, entre otras, distancia entre personas, llevar al m\u00ednimo posible la convivencia de personas simult\u00e1neamente, etc.<\/p>\n<h6>Fuente: Prensa FESTRAM<\/h6>\n","protected":false},"excerpt":{"rendered":"<p>LO DISPUSO EL GOBIERNO PROVINCIAL POR LA PANDEMIA DEL COVID-19. LA RESOLUCI\u00d3N FUE DICTADA POR EL MINISTERIO DE TRABAJO Y LOS EMPLEADORES DEBER\u00c1N ENTREGAR ELEMENTOS DE PROTECCI\u00d3N PERSONAL Y BRINDAR INFORMACI\u00d3N A LOS EMPLEADOS.<\/p>\n","protected":false},"author":2,"featured_media":101357,"comment_status":"closed","ping_status":"closed","sticky":false,"template":"","format":"standard","meta":{"footnotes":""},"categories":[2],"tags":[10],"class_list":["post-101356","post","type-post","status-publish","format-standard","has-post-thumbnail","hentry","category-informe-municipal","tag-santa-fe"],"_links":{"self":[{"href":"http:\/\/argentinamunicipal.com.ar\/argentina\/wp-json\/wp\/v2\/posts\/101356","targetHints":{"allow":["GET"]}}],"collection":[{"href":"http:\/\/argentinamunicipal.com.ar\/argentina\/wp-json\/wp\/v2\/posts"}],"about":[{"href":"http:\/\/argentinamunicipal.com.ar\/argentina\/wp-json\/wp\/v2\/types\/post"}],"author":[{"embeddable":true,"href":"http:\/\/argentinamunicipal.com.ar\/argentina\/wp-json\/wp\/v2\/users\/2"}],"replies":[{"embeddable":true,"href":"http:\/\/argentinamunicipal.com.ar\/argentina\/wp-json\/wp\/v2\/comments?post=101356"}],"version-history":[{"count":0,"href":"http:\/\/argentinamunicipal.com.ar\/argentina\/wp-json\/wp\/v2\/posts\/101356\/revisions"}],"wp:featuredmedia":[{"embeddable":true,"href":"http:\/\/argentinamunicipal.com.ar\/argentina\/wp-json\/wp\/v2\/media\/101357"}],"wp:attachment":[{"href":"http:\/\/argentinamunicipal.com.ar\/argentina\/wp-json\/wp\/v2\/media?parent=101356"}],"wp:term":[{"taxonomy":"category","embeddable":true,"href":"http:\/\/argentinamunicipal.com.ar\/argentina\/wp-json\/wp\/v2\/categories?post=101356"},{"taxonomy":"post_tag","embeddable":true,"href":"http:\/\/argentinamunicipal.com.ar\/argentina\/wp-json\/wp\/v2\/tags?post=101356"}],"curies":[{"name":"wp","href":"https:\/\/api.w.org\/{rel}","templated":true}]}}