{"id":10144,"date":"2014-06-23T09:22:01","date_gmt":"2014-06-23T12:22:01","guid":{"rendered":"http:\/\/argentinamunicipal.com.ar\/argentina\/?p=10144"},"modified":"2014-06-23T09:22:01","modified_gmt":"2014-06-23T12:22:01","slug":"bariloche-intendenta-promete-construir-la-rotonda-del-nireco-antes-que-se-levante-la-veda","status":"publish","type":"post","link":"http:\/\/argentinamunicipal.com.ar\/argentina\/bariloche-intendenta-promete-construir-la-rotonda-del-nireco-antes-que-se-levante-la-veda\/","title":{"rendered":"Bariloche: Intendenta promete construir la rotonda del \u00d1ireco antes que se levante la veda"},"content":{"rendered":"<p><a href=\"http:\/\/argentinamunicipal.com.ar\/argentina\/wp-content\/uploads\/2014\/06\/adf91adc78adc26b33d87fb6b1bec1c8_L.jpg\"><img loading=\"lazy\" decoding=\"async\" class=\"aligncenter size-full wp-image-10145\" src=\"http:\/\/argentinamunicipal.com.ar\/argentina\/wp-content\/uploads\/2014\/06\/adf91adc78adc26b33d87fb6b1bec1c8_L.jpg\" alt=\"adf91adc78adc26b33d87fb6b1bec1c8_L\" width=\"800\" height=\"417\" srcset=\"http:\/\/argentinamunicipal.com.ar\/argentina\/wp-content\/uploads\/2014\/06\/adf91adc78adc26b33d87fb6b1bec1c8_L.jpg 800w, http:\/\/argentinamunicipal.com.ar\/argentina\/wp-content\/uploads\/2014\/06\/adf91adc78adc26b33d87fb6b1bec1c8_L-300x156.jpg 300w\" sizes=\"auto, (max-width: 800px) 100vw, 800px\" \/><\/a><\/p>\n<p>La construcci\u00f3n de la rotonda en la intersecci\u00f3n de las avenidas Esandi y 12 de Octubre constituye la culminaci\u00f3n de una importante obra vial en Bariloche, la mayor en la \u00faltima d\u00e9cada. Est\u00e1 demorada hace m\u00e1s de un a\u00f1o, pero los trabajos comenzar\u00e1n antes del 1 de septiembre, seg\u00fan la mandataria.<\/p>\n<p>La avenida Esandi une la ruta de Circunvalaci\u00f3n con la avenida 12 de Octubre, en el barrio \u00d1ireco, representa una mejora importante, tiene dos manos en ambas direcciones y un boulevard iluminado.<\/p>\n<p>Adem\u00e1s de haber solucionado problemas cr\u00f3nicos de tr\u00e1nsito, la obra permiti\u00f3 incorporar funcionalmente las dos colectoras paralelas a la ruta, entre la estaci\u00f3n de ferrocarril y la plazoleta Perito Moreno. Sin embargo, resta la terminaci\u00f3n de la rotonda, que deb\u00eda estar concluida hace casi un a\u00f1o.<\/p>\n<p>\u201cYa est\u00e1 el proyecto terminado que lo elabor\u00f3 la Secretar\u00eda de Desarrollo Estrat\u00e9gico. Es hermoso, con fuente de agua y parquizaci\u00f3n. Antes de la veda, se comenzar\u00e1 con esa obra\u201d, anunci\u00f3 Martini a este medio.<\/p>\n<p>Los trabajos son financiados por el gobierno nacional y ejecutados por la empresa Codistel. El objetivo principal es mejorar el acceso Este a la ciudad de San Carlos de Bariloche implementando un apropiado corredor verde.<\/p>\n<p>El proyecto paisaj\u00edstico incluye una fuente de agua en el centro de la rotonda, una parquizaci\u00f3n integral de todos los espacios verdes con plantas nativas, sumando referencias visuales (m\u00e1stiles e iluminaci\u00f3n) y una adecuada se\u00f1alizaci\u00f3n.<\/p>\n<p>Para las veredas se propone uniformar materiales, evitar escalones e incorporar senderos, habilitando el paso de sillas de ruedas. El proyecto inicial tambi\u00e9n promet\u00eda bicisendas, incorporadas a las veredas vecinales.<\/p>\n<p>La rotonda del \u00d1ireco es una obra anhelada hace muchos a\u00f1os y debi\u00f3 ser realizada por Petrobras, cuando la petrolera se emplaz\u00f3 en la esquina de Remedios de Escalada. Pero incre\u00edblemente, los entonces funcionarios municipales nunca le hicieron firmar un compromiso por escrito a la firma y, cuando hubo cambio de dirigentes locales, la empresa se neg\u00f3 a hacerla, ya que no hab\u00eda nada comprometido.<\/p>\n<p>La experiencia indica que las pocas rotondas que hay en Bariloche permitieron mejorar el ca\u00f3tico tr\u00e1nsito.<\/p>\n<h6>Fuente: El Cordillerano<\/h6>\n","protected":false},"excerpt":{"rendered":"<p>La construcci\u00f3n de la rotonda en la intersecci\u00f3n de las avenidas Esandi y 12 de Octubre constituye la culminaci\u00f3n de una importante obra vial en Bariloche, la mayor en la \u00faltima d\u00e9cada. Est\u00e1 demorada hace m\u00e1s de un a\u00f1o, pero los trabajos comenzar\u00e1n antes del 1 de septiembre, seg\u00fan la mandataria. La avenida Esandi une<\/p>\n","protected":false},"author":2,"featured_media":10145,"comment_status":"closed","ping_status":"closed","sticky":false,"template":"","format":"standard","meta":{"footnotes":""},"categories":[2],"tags":[11],"class_list":["post-10144","post","type-post","status-publish","format-standard","has-post-thumbnail","hentry","category-informe-municipal","tag-rio-negro"],"_links":{"self":[{"href":"http:\/\/argentinamunicipal.com.ar\/argentina\/wp-json\/wp\/v2\/posts\/10144","targetHints":{"allow":["GET"]}}],"collection":[{"href":"http:\/\/argentinamunicipal.com.ar\/argentina\/wp-json\/wp\/v2\/posts"}],"about":[{"href":"http:\/\/argentinamunicipal.com.ar\/argentina\/wp-json\/wp\/v2\/types\/post"}],"author":[{"embeddable":true,"href":"http:\/\/argentinamunicipal.com.ar\/argentina\/wp-json\/wp\/v2\/users\/2"}],"replies":[{"embeddable":true,"href":"http:\/\/argentinamunicipal.com.ar\/argentina\/wp-json\/wp\/v2\/comments?post=10144"}],"version-history":[{"count":0,"href":"http:\/\/argentinamunicipal.com.ar\/argentina\/wp-json\/wp\/v2\/posts\/10144\/revisions"}],"wp:featuredmedia":[{"embeddable":true,"href":"http:\/\/argentinamunicipal.com.ar\/argentina\/wp-json\/wp\/v2\/media\/10145"}],"wp:attachment":[{"href":"http:\/\/argentinamunicipal.com.ar\/argentina\/wp-json\/wp\/v2\/media?parent=10144"}],"wp:term":[{"taxonomy":"category","embeddable":true,"href":"http:\/\/argentinamunicipal.com.ar\/argentina\/wp-json\/wp\/v2\/categories?post=10144"},{"taxonomy":"post_tag","embeddable":true,"href":"http:\/\/argentinamunicipal.com.ar\/argentina\/wp-json\/wp\/v2\/tags?post=10144"}],"curies":[{"name":"wp","href":"https:\/\/api.w.org\/{rel}","templated":true}]}}