{"id":101494,"date":"2020-04-14T07:59:50","date_gmt":"2020-04-14T10:59:50","guid":{"rendered":"http:\/\/argentinamunicipal.com.ar\/argentina\/?p=101494"},"modified":"2020-04-14T07:59:50","modified_gmt":"2020-04-14T10:59:50","slug":"por-que-baja-el-rio-y-como-puede-cambiar-el-paisaje","status":"publish","type":"post","link":"http:\/\/argentinamunicipal.com.ar\/argentina\/por-que-baja-el-rio-y-como-puede-cambiar-el-paisaje\/","title":{"rendered":"Por qu\u00e9 baja el r\u00edo y c\u00f3mo puede cambiar el paisaje"},"content":{"rendered":"<p>La bajante actual del r\u00edo Paran\u00e1 es la m\u00e1s importante que ocurri\u00f3 en nuestro pa\u00eds en los \u00faltimos 50 a\u00f1os.<\/p>\n<p>En algunos tramos de su extenso recorrido, la imagen a\u00e9rea que devuelve el r\u00edo Paran\u00e1 es desoladora y preocupante. Voluminosos cursos de agua dejan de recibir aportes significativos de las precipitaciones y abren paso a arenas, limos y arcillas que se sedimentan y emergen a la superficie, reduciendo sus lugares habituales de paso.<\/p>\n<p>Las bajantes y las crecidas son procesos naturales y c\u00edclicos en cualquier sistema fluvial, pero se transforman en noticia cuando exceden los par\u00e1metros normales. Esto ocurre hoy. De acuerdo al \u00faltimo reporte semanal del Instituto Nacional del Agua (emitido el viernes 10 de abril), se estima que el martes 21 de abril el r\u00edo podr\u00eda alcanzar 1 m en Santa Fe.<\/p>\n<p>\u201cLa bajante que podemos observar actualmente es la m\u00e1s importante de los \u00faltimos 50 a\u00f1os. Sin embargo, en a\u00f1os anteriores a la d\u00e9cada del 70, a partir de la cual se produjo un incremento en el r\u00e9gimen de lluvias de la Cuenca del Plata, hubo bajantes mucho m\u00e1s significativas. Por ejemplo, en 1944, la altura del r\u00edo estaba casi un metro por debajo del 0 de la escala del puerto local\u201d, coment\u00f3 Jos\u00e9 Macor, docente e investigador de la Facultad de Ingenier\u00eda y Ciencias H\u00eddricas (FICH) de la UNL, quien dirige el Centro de Informaciones Meteorol\u00f3gicas (CIM) de dicha facultad.<\/p>\n<p>Por su parte, Carlos Ramonell, docente e investigador de la FICH, acot\u00f3: \u201cEn esta bajante se debe descartar como causa la influencia de las presas brasile\u00f1as. En 1944, la situaci\u00f3n fue peor que la actual y no s\u00f3lo para la Cuenca del Plata. Fue la mayor sequ\u00eda registrada en toda la llanura pampeana y las presas no estaban construidas\u201d.<\/p>\n<p>Por lo tanto, \u00bfc\u00f3mo se explica esta bajante hist\u00f3rica? Ambos especialistas de la FICH detallan las causas meteorol\u00f3gicas y clim\u00e1ticas de este fen\u00f3meno, as\u00ed como los impactos que tendr\u00e1n los caudales bajos en la din\u00e1mica geomorfol\u00f3gica del d\u00e9cimo r\u00edo de llanura\u00a0m\u00e1s importante del mundo.<\/p>\n<p><strong>Las causas<\/strong><br \/>\nDe acuerdo a los registros del CIM, desde julio de 2019 hasta marzo de 2020, los valores de precipitaci\u00f3n mensual en Santa Fe han estado, en general, por debajo de las medias mensuales de los \u00faltimos 10 a\u00f1os. Esta misma situaci\u00f3n se ha dado tambi\u00e9n en el noreste argentino y en las cuencas brasile\u00f1as del r\u00edo Paran\u00e1 y del r\u00edo Iguaz\u00fa.<\/p>\n<p>\u201cEste d\u00e9ficit de agua se refleja en los niveles del r\u00edo, que han estado bajando desde el a\u00f1o pasado. Si bien ha habido peque\u00f1os repuntes con algunas tormentas importantes, no fue suficiente como para recuperar los niveles normales del r\u00edo\u201d, se\u00f1al\u00f3 Macor.<\/p>\n<p>Adem\u00e1s, desde el a\u00f1o pasado los modelos clim\u00e1ticos proyectan que el fen\u00f3meno de El Ni\u00f1o va a permanecer en estado neutral hasta el final del invierno (junio o julio, aproximadamente). \u201cEs un Ni\u00f1o \u2018neutro\u2019, con lo cual es probable que la bajante actual perdure por lo menos un par de meses m\u00e1s\u201d, explic\u00f3 el investigador.<\/p>\n<p><strong>Los cambios<\/strong><br \/>\nSeg\u00fan Ramonell, que lleva a\u00f1os estudiando la din\u00e1mica geomorfol\u00f3gica en el tramo medio del r\u00edo Paran\u00e1 (desde la confluencia con el r\u00edo Paraguay \u2013norte de Corrientes\u2013 hasta Rosario, aproximadamente), la bajante podr\u00eda provocar el achicamiento de varios cauces secundarios conectados directamente al cauce principal del r\u00edo, como es el caso del r\u00edo Colastin\u00e9, y hasta el cegamiento con sedimentos de varios de menor tama\u00f1o. A la vez, habr\u00e1 p\u00e9rdida de superficie lagunar y desconexiones entre cauces y lagunas en ambientes m\u00e1s alejados del cauce principal, entre ellas, la laguna Set\u00fabal. En este caso no est\u00e1 claro si el fen\u00f3meno detendr\u00e1 sustantivamente el avance del delta del Arroyo Leyes en su parte norte.<\/p>\n<p>\u201cLo primero que est\u00e1 ocurriendo en estas condiciones de caudales bajos es que varios cauces secundarios menores que est\u00e1n conectados directamente con el cauce principal del r\u00edo Paran\u00e1 est\u00e1n sufriendo sedimentaciones no s\u00f3lo de arenas que hacen recrecer el fondo, sino tambi\u00e9n de limos y arcillas provenientes del r\u00edo Bermejo, que esta vez muestran m\u00e1s concentraci\u00f3n por el d\u00e9ficit de agua. Estos sedimentos finos son retenidos por la vegetaci\u00f3n acu\u00e1tica de las m\u00e1rgenes de los cauces donde se acumulan y hacen disminuir el ancho del cauce. En suma, los cauces cercanos al cauce principal se est\u00e1n reduciendo en tama\u00f1o (ancho y profundidad) y en capacidad de conducci\u00f3n de agua, porque reciben una carga extra de sedimentos con relaci\u00f3n a su capacidad hidr\u00e1ulica de transportarlos r\u00edo abajo\u201d, explic\u00f3 Ramonell, tras aclarar que en este proceso de cierre de cauces, algunos incluso pueden desaparecer, mientras que islas que estaban separadas ahora van a quedar unidas.<\/p>\n<p>\u201cEn el sistema fluvial del Paran\u00e1, los cursos secundarios del r\u00edo aparecen y desaparecen naturalmente. Algunos permanecen s\u00f3lo durante 20 a\u00f1os, otros sobreviven casi una centuria y otros un par de milenios. No es un fen\u00f3meno novedoso, pero se acent\u00faa en situaciones de bajante\u201d, subray\u00f3.<\/p>\n<p>Para ilustrar este fen\u00f3meno, Ramonell mencion\u00f3 el caso del r\u00edo Colastin\u00e9, una de las principales fuentes abastecedoras de agua potable de la ciudad de Santa Fe y donde la ciudad vuelca todos sus efluentes cloacales en su tramo inferior. \u201cDe acuerdo a nuestros estudios, este brazo del r\u00edo est\u00e1 sufriendo un proceso gradual de achicamiento desde fines de la d\u00e9cada del 70. En los \u00faltimos 40 a\u00f1os, ha reducido de forma progresiva su anchura en un 25%. As\u00ed, pas\u00f3 de tener 470 metros de ancho como promedio en 1980 a 350 metros en la actualidad. Indudablemente, este fen\u00f3meno acentuar\u00e1 tal tendencia\u201d, asegur\u00f3.<\/p>\n<p>En cuanto a la otra red de cauces, paralela y m\u00e1s alejada del cauce principal del r\u00edo Paran\u00e1, en torno a la cual se aloja la mayor\u00eda de las \u00e1reas lagunares de la planicie de inundaci\u00f3n, como en los cursos San Javier y Coronda, el investigador sostuvo que \u201ca ra\u00edz de esta bajante, las lagunas se encuentran en gran parte desconectadas de los cauces, lo que genera alteraciones en las cadenas tr\u00f3ficas y en las fases biol\u00f3gicas de la vida que sustenta el r\u00edo\u201d. Adem\u00e1s, refiri\u00e9ndose a la problem\u00e1tica del Arroyo Leyes, advirti\u00f3: \u201cUna bajante de esta naturaleza tambi\u00e9n podr\u00eda provocar el cierre de algunos cursos del delta, pero parcialmente, porque no hay tanto sedimento disponible como en el cauce principal y los cursos en el entorno de \u00e9ste. Las nuevas partes del delta reci\u00e9n sedimentadas se van a fijar con la vegetaci\u00f3n. Con el crecimiento de la vegetaci\u00f3n, las fracciones de limos y arcillas van a ser filtradas y los bancos del delta crecer\u00e1n en altura. En resumen, es posible que el frente de avance del delta se consolide con esta bajante, continuando con la p\u00e9rdida de superficie de la laguna Set\u00fabal\u201d.<\/p>\n<p>Ramonell aclar\u00f3 que estos escenarios se acentuar\u00e1n conforme dure la bajante. \u201cOtra cuesti\u00f3n a considerar es c\u00f3mo se retornar\u00e1 a las condiciones de caudales y niveles de agua m\u00e1s normales. No es igual para la din\u00e1mica morfol\u00f3gica descripta si el regreso es r\u00e1pido o lento, y si coincide o no con el desarrollo posterior de una crecida importante o s\u00f3lo de una menor. Los escenarios son muy diferentes y merecen ser evaluados\u201d.<\/p>\n<p>Mientras tanto, las instituciones competentes deber\u00e1n atender algunos problemas que suelen generar bajantes de este tipo: navegaci\u00f3n, provisi\u00f3n de agua potable (por operatividad de las tomas de agua) y concentraci\u00f3n de contaminantes (por posible disminuci\u00f3n de la capacidad de diluci\u00f3n de los efluentes cloacales).<\/p>\n<h6>Fuente: Sin Mordaza<\/h6>\n","protected":false},"excerpt":{"rendered":"<p>La bajante actual del r\u00edo Paran\u00e1 es la m\u00e1s importante que ocurri\u00f3 en nuestro pa\u00eds en los \u00faltimos 50 a\u00f1os.<\/p>\n","protected":false},"author":2,"featured_media":101495,"comment_status":"closed","ping_status":"closed","sticky":false,"template":"","format":"standard","meta":{"footnotes":""},"categories":[2],"tags":[10],"class_list":["post-101494","post","type-post","status-publish","format-standard","has-post-thumbnail","hentry","category-informe-municipal","tag-santa-fe"],"_links":{"self":[{"href":"http:\/\/argentinamunicipal.com.ar\/argentina\/wp-json\/wp\/v2\/posts\/101494","targetHints":{"allow":["GET"]}}],"collection":[{"href":"http:\/\/argentinamunicipal.com.ar\/argentina\/wp-json\/wp\/v2\/posts"}],"about":[{"href":"http:\/\/argentinamunicipal.com.ar\/argentina\/wp-json\/wp\/v2\/types\/post"}],"author":[{"embeddable":true,"href":"http:\/\/argentinamunicipal.com.ar\/argentina\/wp-json\/wp\/v2\/users\/2"}],"replies":[{"embeddable":true,"href":"http:\/\/argentinamunicipal.com.ar\/argentina\/wp-json\/wp\/v2\/comments?post=101494"}],"version-history":[{"count":0,"href":"http:\/\/argentinamunicipal.com.ar\/argentina\/wp-json\/wp\/v2\/posts\/101494\/revisions"}],"wp:featuredmedia":[{"embeddable":true,"href":"http:\/\/argentinamunicipal.com.ar\/argentina\/wp-json\/wp\/v2\/media\/101495"}],"wp:attachment":[{"href":"http:\/\/argentinamunicipal.com.ar\/argentina\/wp-json\/wp\/v2\/media?parent=101494"}],"wp:term":[{"taxonomy":"category","embeddable":true,"href":"http:\/\/argentinamunicipal.com.ar\/argentina\/wp-json\/wp\/v2\/categories?post=101494"},{"taxonomy":"post_tag","embeddable":true,"href":"http:\/\/argentinamunicipal.com.ar\/argentina\/wp-json\/wp\/v2\/tags?post=101494"}],"curies":[{"name":"wp","href":"https:\/\/api.w.org\/{rel}","templated":true}]}}