{"id":101593,"date":"2020-04-16T07:29:19","date_gmt":"2020-04-16T10:29:19","guid":{"rendered":"http:\/\/argentinamunicipal.com.ar\/argentina\/?p=101593"},"modified":"2020-04-16T07:29:19","modified_gmt":"2020-04-16T10:29:19","slug":"santa-fe-perotti-propondra-exceptuar-del-aislamiento-al-comercio-para-que-funcione-con-ventas-por-internet","status":"publish","type":"post","link":"http:\/\/argentinamunicipal.com.ar\/argentina\/santa-fe-perotti-propondra-exceptuar-del-aislamiento-al-comercio-para-que-funcione-con-ventas-por-internet\/","title":{"rendered":"Santa Fe: Perotti propondr\u00e1 exceptuar del aislamiento al comercio para que funcione con ventas por internet"},"content":{"rendered":"<p>El gobernador de Santa Fe adelant\u00f3 que propondr\u00e1 al Gobierno nacional la autorizaci\u00f3n para el funcionamiento durante la cuarentena del comercio web, a trav\u00e9s de env\u00edos por cadeter\u00eda y las actividades de \u00f3pticas.<\/p>\n<p>El gobernador de Santa Fe, Omar Perotti, adelant\u00f3 hoy que propondr\u00e1 al Gobierno nacional la autorizaci\u00f3n para el funcionamiento durante la cuarentena por el coronavirus del comercio web, a trav\u00e9s de env\u00edos por cadeter\u00eda y las actividades de \u00f3pticas.<\/p>\n<p>El mandatario santafesino se\u00f1al\u00f3 que elevar\u00e1 esas propuestas \u201cen los pr\u00f3ximos d\u00edas\u201d al jefe de Gabinete, Santiago Cafiero, en el marco del planteo de Naci\u00f3n para que sean las provincias las que administren las actividades durante el aislamiento social, preventivo y obligatorio.<\/p>\n<p>Perotti sostuvo que en el caso del comercio, lo que procura es un \u201cequilibrio\u201d de los emprendimientos locales respecto a las posibilidades con las que cuenta en la actualidad empresas como Mercado Libre, que realiza sus ventas por internet y realiza env\u00edos a domicilio.<\/p>\n<p>El gobernador dijo que \u00ablas ventas de Mercado Libre y las que podr\u00edan hacer en las mismas condiciones comerciantes de nuestras provincias tienen las mismas caracter\u00edsticas\u201d.<\/p>\n<p>\u201cEstamos hablando de productos no determinados como esenciales, pero la venta que se est\u00e1 desarrollando en Mercado Libre, no solo es de productos esenciales; es una cuesti\u00f3n de equidad\u201d, remarc\u00f3 Perotti en declaraciones a Canal 3 de Rosario.<\/p>\n<p>Seg\u00fan el mandatario santafesino, \u201centendemos que si puede funcionar una plataforma de una determinada manera, lo pueden hacer nuestros empresarios con el mismo resguardo sanitario\u201d.<\/p>\n<p>Consultado sobre los rubros que podr\u00edan mercar a trav\u00e9s del comercio electr\u00f3nico dijo que \u201cah\u00ed es donde hay que ser cuidadosos\u201d.<\/p>\n<p>\u201cEstamos hablando de esto sin perder de vista el objetivo central, que es el aislamiento hasta el d\u00eda 26 (de abril)\u201d, destac\u00f3 el gobernador.<\/p>\n<p>Adem\u00e1s, agreg\u00f3 a la lista que propondr\u00e1 exceptuar de mantener la inactividad \u201cla venta de los anteojos recetados o las reparaciones que est\u00e1n planteando las \u00f3pticas\u201d porque, remarc\u00f3, \u201cnos parece de sentido com\u00fan\u201d.<\/p>\n<p>\u201cSe pueden hacer tomando los resguardos sanitarios y entregarlo por un servicio puerta a puerta o delivery\u201d, concluy\u00f3.<\/p>\n<h6>Fuente: Telam<\/h6>\n","protected":false},"excerpt":{"rendered":"<p>El gobernador de Santa Fe adelant\u00f3 que propondr\u00e1 al Gobierno nacional la autorizaci\u00f3n para el funcionamiento durante la cuarentena del comercio web, a trav\u00e9s de env\u00edos por cadeter\u00eda y las actividades de \u00f3pticas.<\/p>\n","protected":false},"author":2,"featured_media":101594,"comment_status":"closed","ping_status":"closed","sticky":false,"template":"","format":"standard","meta":{"footnotes":""},"categories":[2],"tags":[10],"class_list":["post-101593","post","type-post","status-publish","format-standard","has-post-thumbnail","hentry","category-informe-municipal","tag-santa-fe"],"_links":{"self":[{"href":"http:\/\/argentinamunicipal.com.ar\/argentina\/wp-json\/wp\/v2\/posts\/101593","targetHints":{"allow":["GET"]}}],"collection":[{"href":"http:\/\/argentinamunicipal.com.ar\/argentina\/wp-json\/wp\/v2\/posts"}],"about":[{"href":"http:\/\/argentinamunicipal.com.ar\/argentina\/wp-json\/wp\/v2\/types\/post"}],"author":[{"embeddable":true,"href":"http:\/\/argentinamunicipal.com.ar\/argentina\/wp-json\/wp\/v2\/users\/2"}],"replies":[{"embeddable":true,"href":"http:\/\/argentinamunicipal.com.ar\/argentina\/wp-json\/wp\/v2\/comments?post=101593"}],"version-history":[{"count":0,"href":"http:\/\/argentinamunicipal.com.ar\/argentina\/wp-json\/wp\/v2\/posts\/101593\/revisions"}],"wp:featuredmedia":[{"embeddable":true,"href":"http:\/\/argentinamunicipal.com.ar\/argentina\/wp-json\/wp\/v2\/media\/101594"}],"wp:attachment":[{"href":"http:\/\/argentinamunicipal.com.ar\/argentina\/wp-json\/wp\/v2\/media?parent=101593"}],"wp:term":[{"taxonomy":"category","embeddable":true,"href":"http:\/\/argentinamunicipal.com.ar\/argentina\/wp-json\/wp\/v2\/categories?post=101593"},{"taxonomy":"post_tag","embeddable":true,"href":"http:\/\/argentinamunicipal.com.ar\/argentina\/wp-json\/wp\/v2\/tags?post=101593"}],"curies":[{"name":"wp","href":"https:\/\/api.w.org\/{rel}","templated":true}]}}