{"id":101743,"date":"2020-04-21T06:55:26","date_gmt":"2020-04-21T09:55:26","guid":{"rendered":"http:\/\/argentinamunicipal.com.ar\/argentina\/?p=101743"},"modified":"2020-04-21T06:55:26","modified_gmt":"2020-04-21T09:55:26","slug":"ponen-a-disposicion-las-bicicletas-municipales-para-los-trabajadores-de-la-salud-santafesinos","status":"publish","type":"post","link":"http:\/\/argentinamunicipal.com.ar\/argentina\/ponen-a-disposicion-las-bicicletas-municipales-para-los-trabajadores-de-la-salud-santafesinos\/","title":{"rendered":"Ponen a disposici\u00f3n las bicicletas municipales para los trabajadores de la salud santafesinos"},"content":{"rendered":"<p>La iniciativa es para que los trabajadores sanitarios puedan contar con un medio de transporte seguro y gratuito. El pr\u00e9stamo ser\u00e1 por 30 d\u00edas prorrogables. Se pueden inscribir completando un simple formulario en la web oficial.<\/p>\n<p>Con la finalidad de realizar un aporte para evitar contagios de COVID-19 y fomentar la movilidad sustentable y saludable, la Municipalidad pone a disposici\u00f3n del personal de salud p\u00fablica de Santa Fe las bicicletas de pr\u00e9stamo. \u201cEl objetivo es que quienes trabajan en el \u00e1mbito de la salud puedan contar con este medio de transporte para desplazarse desde y hacia sus lugares de trabajo en forma segura y gratuita\u201d, dijo el intendente Emilio Jat\u00f3n.<\/p>\n<p>El intendente remarc\u00f3 que \u201cel qu\u00e9date en casa, los controles en la circulaci\u00f3n, a los comercios y en el transporte, la preparaci\u00f3n de los dispositivos de aislamiento, la obligatoriedad del uso de tapabocas en espacios donde no es viable el distanciamiento social, son las acciones que llevamos adelante para cuidar a los santafesinos y santafesinas en esta pandemia\u201d. Y agreg\u00f3 que \u201c\u00e9sta es una acci\u00f3n m\u00e1s para cuidar a la poblaci\u00f3n, en este caso, a quienes est\u00e1n luchando a diario contra el coronavirus\u201d.<\/p>\n<p>Cada una de las bicis, entregadas en comodato por 30 d\u00edas, contar\u00e1 con un casco, tapabocas y una linga para cuando se estacione el rodado. Esta iniciativa, enmarcada dentro de las acciones del Pacto de la Movilidad, tiene como principal objetivo que aquellos trabajadores esenciales durante la emergencia sanitaria puedan disponer de una bicicleta para uso personal. El veh\u00edculo ser\u00e1 entregado en comodato para utilizarla como medio de transporte individual.<\/p>\n<p>Entre los beneficios m\u00e1s importantes del uso de la bici durante la emergencia sanitaria para el personal de salud se destaca el desplazamiento seguro en un medio de movilidad individual, saludable, que respeta la sana distancia, permite desplazarse de manera eficiente y evita el contacto con otras personas.<\/p>\n<p><strong>C\u00f3mo solicitarla<\/strong><\/p>\n<p>Cada interesado \u2013personal de cualquier efector de salud p\u00fablica de la ciudad-\u00a0 deber\u00e1 completar un formulario de solicitud en la p\u00e1gina web de la Municipalidad de Santa Fe (https:\/\/forms.gle\/zAdK6eXU93TLuYwt6). De acuerdo a la cantidad de bicicletas disponibles, se contactar\u00e1 a los beneficiarios para que concurran a la Estaci\u00f3n Belgrano para firmar el comodato de pr\u00e9stamo, entregar la documentaci\u00f3n necesaria y retirar la bicicleta y sus accesorios.<\/p>\n<p>En cuanto a la documentaci\u00f3n, se solicita: copia de recibo de sueldo que demuestre que es trabajador del sistema de salud p\u00fablico y fotocopia de DNI, donde conste direcci\u00f3n real, entre otra.<\/p>\n<p><strong>Uso responsable<\/strong><\/p>\n<p>Las bicicletas de propiedad de la Municipalidad de Santa Fe pueden ser usadas durante todo el d\u00eda. Quedan exceptuados sectores restringidos, como por ejemplo la Ruta Nacional 168. Vale recordar que la ciudad cuenta con una red de ciclov\u00edas y bicisendas destinada a los ciclistas.<\/p>\n<p>Las bicicletas del programa Subite a la Bici se utilizar\u00e1n con fines de desplazamiento individual, no se podr\u00e1 llevar acompa\u00f1antes ni entregar a terceros.<\/p>\n<p>Cabe consignar que los ciclistas son un actor m\u00e1s de la movilidad de la ciudad, por lo que deben obedecer las normas de tr\u00e1nsito, los sem\u00e1foros y las se\u00f1ales viales, circular por calzada o carriles exclusivos para bicis respetando el sentido de circulaci\u00f3n estipulado, estando prohibido circular por veredas. Tampoco debe usarse el celular mientras se conduce ni los auriculares, para poder estar atento al entorno.<\/p>\n<h6>Fuente: Notife<\/h6>\n","protected":false},"excerpt":{"rendered":"<p>La iniciativa es para que los trabajadores sanitarios puedan contar con un medio de transporte seguro y gratuito. El pr\u00e9stamo ser\u00e1 por 30 d\u00edas prorrogables. Se pueden inscribir completando un simple formulario en la web oficial.<\/p>\n","protected":false},"author":2,"featured_media":101744,"comment_status":"closed","ping_status":"closed","sticky":false,"template":"","format":"standard","meta":{"footnotes":""},"categories":[2],"tags":[10],"class_list":["post-101743","post","type-post","status-publish","format-standard","has-post-thumbnail","hentry","category-informe-municipal","tag-santa-fe"],"_links":{"self":[{"href":"http:\/\/argentinamunicipal.com.ar\/argentina\/wp-json\/wp\/v2\/posts\/101743","targetHints":{"allow":["GET"]}}],"collection":[{"href":"http:\/\/argentinamunicipal.com.ar\/argentina\/wp-json\/wp\/v2\/posts"}],"about":[{"href":"http:\/\/argentinamunicipal.com.ar\/argentina\/wp-json\/wp\/v2\/types\/post"}],"author":[{"embeddable":true,"href":"http:\/\/argentinamunicipal.com.ar\/argentina\/wp-json\/wp\/v2\/users\/2"}],"replies":[{"embeddable":true,"href":"http:\/\/argentinamunicipal.com.ar\/argentina\/wp-json\/wp\/v2\/comments?post=101743"}],"version-history":[{"count":0,"href":"http:\/\/argentinamunicipal.com.ar\/argentina\/wp-json\/wp\/v2\/posts\/101743\/revisions"}],"wp:featuredmedia":[{"embeddable":true,"href":"http:\/\/argentinamunicipal.com.ar\/argentina\/wp-json\/wp\/v2\/media\/101744"}],"wp:attachment":[{"href":"http:\/\/argentinamunicipal.com.ar\/argentina\/wp-json\/wp\/v2\/media?parent=101743"}],"wp:term":[{"taxonomy":"category","embeddable":true,"href":"http:\/\/argentinamunicipal.com.ar\/argentina\/wp-json\/wp\/v2\/categories?post=101743"},{"taxonomy":"post_tag","embeddable":true,"href":"http:\/\/argentinamunicipal.com.ar\/argentina\/wp-json\/wp\/v2\/tags?post=101743"}],"curies":[{"name":"wp","href":"https:\/\/api.w.org\/{rel}","templated":true}]}}