{"id":101944,"date":"2020-04-24T07:05:43","date_gmt":"2020-04-24T10:05:43","guid":{"rendered":"http:\/\/argentinamunicipal.com.ar\/argentina\/?p=101944"},"modified":"2020-04-24T07:05:43","modified_gmt":"2020-04-24T10:05:43","slug":"cocinar-para-ayudar-una-historia-solidaria-que-se-repite","status":"publish","type":"post","link":"http:\/\/argentinamunicipal.com.ar\/argentina\/cocinar-para-ayudar-una-historia-solidaria-que-se-repite\/","title":{"rendered":"Cocinar para ayudar, una historia solidaria que se repite"},"content":{"rendered":"<p>Un grupo de adolescentes que en la infancia asisti\u00f3 a un comedor comunitario reparte 500 raciones diarias en medio de la pandemia.<\/p>\n<p>\u00abYo tambi\u00e9n estuve del otro lado\u00bb, dijo Marcela Franchini. De chica conoci\u00f3 lo que es alimentarse a partir de la ayuda de otros. Este recuerdo lo conserva intacto y es el que la anim\u00f3 hace 12 a\u00f1os a conformar la asociaci\u00f3n civil \u00abCarita Feliz\u00bb, en Villa Gobernador G\u00e1lvez. Desde la cuarentena, entrega de lunes a s\u00e1bado 500 raciones de comida para el desayuno y la cena. En la cocina de la asociaci\u00f3n la acompa\u00f1an adolescentes que siguieron su mismo destino.<\/p>\n<p>\u00abHace un tiempo ven\u00edamos atendiendo a 300 chicos del barrio. Debido a la pandemia, hoy estamos elaborando 500 raciones. Recibimos una ayuda de la Municipalidad y trabajamos con el Banco de Alimentos (BAR). Pero no alcanza. Con tanto incremento de personas vulnerables, se nos hace imposible llenar las ollas\u00bb, cont\u00f3 Marcela.<\/p>\n<p>\u00abTodav\u00eda no contamos con la ayuda de Naci\u00f3n, que nos corresponde y a pesar de que ya hicimos los tr\u00e1mites. No pedimos plata a la Naci\u00f3n, o a la provincia, sino alimentos para seguir\u00bb, agreg\u00f3 la titular de la asociaci\u00f3n, con domicilio en Mitre y Marcos Paz, del barrio Arroyito, tambi\u00e9n conocido por el de \u00abLa Rana, porque se inunda mucho\u00bb.<\/p>\n<p>Franchini asegur\u00f3 que \u00abeste momento es el m\u00e1s dif\u00edcil\u00bb desde que funciona la asociaci\u00f3n. Aclar\u00f3 que \u00abno es todo vagancia\u00bb, acerca de la estigmatizaci\u00f3n que muchas veces se hace sobre los que concurren a un comedor comunitario. \u00abEn este camino encontr\u00e1s de todo, al vivo que quiere garronear y al que realmente necesita. Yo trabajo especialmente para los chicos, porque ellos no eligieron lo que les toc\u00f3\u00bb, dijo.<\/p>\n<p>Para la merienda elaboran roscas y panes, servidos con yogur, leche o chocolatada. A la noche las ollas se llenan para hacer guiso, arroz, polenta, fideos y \u00f1oquis de calabaza. \u00abTodo lo que sea en base a harinas y guisados es lo que m\u00e1s nos rinde\u00bb, explica, aunque a veces tambi\u00e9n se entregan hamburguesas.<\/p>\n<p>La asociaci\u00f3n cuenta con un sal\u00f3n de 10 por 15 metros, con mesas y una cocina. Pero debido al aislamiento social, cada raci\u00f3n se entrega para llevar al hogar.<\/p>\n<p>\u00abFund\u00e9 la asociaci\u00f3n porque yo tambi\u00e9n estuve del otro lado. Cuando era chica, una persona ayud\u00f3 a mi mam\u00e1 a salir adelante entreg\u00e1ndole comida. Desde entonces mi idea es devolverle a la vida lo que la vida tambi\u00e9n hizo un d\u00eda por m\u00ed. Siempre lo pens\u00e9 para cuando llegara a ser grande y ante tanta necesidad. Alguna vez vi a un chico de cuatro a\u00f1os en un carro comiendo una pizza que estaba verde por el moho. Cosas as\u00ed me movilizaron para hacer algo\u00bb, dijo.<\/p>\n<p>Su preocupaci\u00f3n principal son los pibes, y en la respuesta de la tarea que realiza a diario explica la raz\u00f3n del nombre de la asociaci\u00f3n. \u00abAc\u00e1 el chico es feliz. Con lo que vos le das se le transforma la cara de felicidad. Es feliz con lo que le pod\u00e9s dar\u00bb.<\/p>\n<p><strong>Por un futuro mejor<\/strong><\/p>\n<p>\u00abMi meta es ense\u00f1arles a estos chicos que hay un futuro mejor. En el comedor somos alrededor de 15 personas los que trabajamos, la mayor\u00eda adolescentes. Ellos lo hacen gratis, sin ning\u00fan inter\u00e9s, s\u00f3lo por el plato de comida. Desde chicos asisten al comedor. Gestionan la comida y la elaboran para que esos otros chicos coman\u00bb, explic\u00f3 sobre c\u00f3mo la asociaci\u00f3n fue un espacio de aprendizaje, brindando a los dem\u00e1s y recibiendo.<\/p>\n<p>La asociaci\u00f3n tiene un n\u00famero de tel\u00e9fono para empresas que quieran colaboraron con alimentos: 0341-2812801. Adem\u00e1s su cuenta de facebook es Asociaci\u00f3n Civil Carita Feliz.<\/p>\n<h6>Fuente: La Capital<\/h6>\n","protected":false},"excerpt":{"rendered":"<p>Un grupo de adolescentes que en la infancia asisti\u00f3 a un comedor comunitario reparte 500 raciones diarias en medio de la pandemia.<\/p>\n","protected":false},"author":2,"featured_media":101945,"comment_status":"closed","ping_status":"closed","sticky":false,"template":"","format":"standard","meta":{"footnotes":""},"categories":[2],"tags":[10],"class_list":["post-101944","post","type-post","status-publish","format-standard","has-post-thumbnail","hentry","category-informe-municipal","tag-santa-fe"],"_links":{"self":[{"href":"http:\/\/argentinamunicipal.com.ar\/argentina\/wp-json\/wp\/v2\/posts\/101944","targetHints":{"allow":["GET"]}}],"collection":[{"href":"http:\/\/argentinamunicipal.com.ar\/argentina\/wp-json\/wp\/v2\/posts"}],"about":[{"href":"http:\/\/argentinamunicipal.com.ar\/argentina\/wp-json\/wp\/v2\/types\/post"}],"author":[{"embeddable":true,"href":"http:\/\/argentinamunicipal.com.ar\/argentina\/wp-json\/wp\/v2\/users\/2"}],"replies":[{"embeddable":true,"href":"http:\/\/argentinamunicipal.com.ar\/argentina\/wp-json\/wp\/v2\/comments?post=101944"}],"version-history":[{"count":0,"href":"http:\/\/argentinamunicipal.com.ar\/argentina\/wp-json\/wp\/v2\/posts\/101944\/revisions"}],"wp:featuredmedia":[{"embeddable":true,"href":"http:\/\/argentinamunicipal.com.ar\/argentina\/wp-json\/wp\/v2\/media\/101945"}],"wp:attachment":[{"href":"http:\/\/argentinamunicipal.com.ar\/argentina\/wp-json\/wp\/v2\/media?parent=101944"}],"wp:term":[{"taxonomy":"category","embeddable":true,"href":"http:\/\/argentinamunicipal.com.ar\/argentina\/wp-json\/wp\/v2\/categories?post=101944"},{"taxonomy":"post_tag","embeddable":true,"href":"http:\/\/argentinamunicipal.com.ar\/argentina\/wp-json\/wp\/v2\/tags?post=101944"}],"curies":[{"name":"wp","href":"https:\/\/api.w.org\/{rel}","templated":true}]}}