{"id":101986,"date":"2020-04-24T08:01:13","date_gmt":"2020-04-24T11:01:13","guid":{"rendered":"http:\/\/argentinamunicipal.com.ar\/argentina\/?p=101986"},"modified":"2020-04-24T08:01:13","modified_gmt":"2020-04-24T11:01:13","slug":"crece-la-pobreza-en-los-barrios-de-santa-fe-el-80-por-ciento-tiene-trabajo-informal","status":"publish","type":"post","link":"http:\/\/argentinamunicipal.com.ar\/argentina\/crece-la-pobreza-en-los-barrios-de-santa-fe-el-80-por-ciento-tiene-trabajo-informal\/","title":{"rendered":"Crece la pobreza: \u00abEn los barrios de Santa Fe el 80 por ciento tiene trabajo informal\u00bb"},"content":{"rendered":"<p>As\u00ed lo asegur\u00f3 Jos\u00e9 Luis Ambrosino, del movimiento Los Sin Techo en Santa Fe. Advierte que hay casi 7 mil personas que no pueden cumplir con \u00abel quedate en casa\u00bb<\/p>\n<p>El aislamiento obligatorio prolongado en el tiempo provocar\u00e1 una suba del 10 por ciento en el \u00edndice de pobreza, seg\u00fan confirm\u00f3 en conferencia el presidente Alberto Fern\u00e1ndez. Todo ser\u00e1 como consecuencia de los devastadores efectos econ\u00f3micos que acarrea la pandemia por el coronavirus, adem\u00e1s de los sanitarios.<\/p>\n<p>Economistas y especialistas se\u00f1alan que esa cifra aumentar\u00eda hasta en un 50 por ciento. Para analizar lo que sucede en la ciudad,\u00a0UNO Santa Fe\u00a0consult\u00f3 con Jos\u00e9 Luis Ambrosino, representante de Los Sin Techo en la ciudad de Santa Fe.<\/p>\n<p>Seg\u00fan el militante,\u00a0\u00abun poco la inyecci\u00f3n de fondos que dispuso el gobierno hizo que se suavice la situaci\u00f3n de pobreza\u00bb.\u00a0En este sentido profundiz\u00f3: \u00abEn febrero hab\u00eda dado 15.500 pesos la canasta b\u00e1sica alimentaria, y en este momento de acuerdo al Indec de este mes tendr\u00edamos unos 6.400 hogares indigentes de los cuales 1.600 est\u00e1n viviendo en ranchos de chapa, cart\u00f3n o lona. Estas son personas que no les alcanza para comer porque est\u00e1n debajo de esa l\u00ednea. No les otorgamos el derecho fundamental que es al alimento, es lo m\u00e1s bajo de la pobreza. Desde el inicio de la\u00a0cuarentena, el 20 de marzo, coincidi\u00f3 que se les otorg\u00f3 la Tarjeta Alimentaria a varios de ellos porque se les volvi\u00f3 a cubrir el cr\u00e9dito. Sumado a la Asignaci\u00f3n Universal por Hijo, m\u00e1s el bono de tres mil pesos e incluso a muchas mam\u00e1s les llegaron los 10 mil pesos del Ingreso Familiar de Emergencia\u00bb.<\/p>\n<p>Y sigui\u00f3: \u00abSi bien los productos aumentaron entre un 3 y un 3,3 por ciento en marzo, con estos ingresos se hizo que la gente pueda sobrellevar la situaci\u00f3n. Lo que pasa es que los precios siguen aumentando y los ingresos no son tan \u00e1giles, necesariamente la gente al no poder trabajar en la necesidad que tienen para cubrir la parte alimentaci\u00f3n.\u00a0Con los ingresos oficiales y sociales se cubre una parte de la canasta b\u00e1sica, pero nunca se llega, se completa con las changas, el trabajo, el laburo a domicilio, la obra p\u00fablica, con el corte de pasto, la venta de choripanes, con peque\u00f1os talleres, con distintas cosas se alcanza m\u00e1s o menos. Pero como todo eso se par\u00f3, evidentemente los ingresos quedaron congelados\u00bb.<\/p>\n<p>En este contexto se\u00f1al\u00f3: \u00abNo parar los aumentos de precios va a hacer que mucha gente ingrese a la pobreza y varios sectores bajen a la indigencia, porque bajan las l\u00edneas de ingresos. Eso es previsible, se observa que va a ocurrir. Si bien entendemos que va a aumentar la pobreza, el sufrimiento del no comer, del hambre va a ser m\u00e1s o menos controlado. Porque a lo mejor va a haber menos plata para moverse, para la salud, comprarse cosas para la escuela, pero entiendo que el gobierno va a cuidar que el ingreso para comer est\u00e9, que es lo m\u00e1s complicado\u00bb.<\/p>\n<p><strong>Quedate en casa<\/strong><\/p>\n<p>En relaci\u00f3n al cumplimiento del aislamiento obligatorio, Ambrosino describi\u00f3 que en el cord\u00f3n oeste, sur, norte y costero de la ciudad las realidades del h\u00e1bitat son de pronunciada desigualdad. Los Sin Techo tienen militantes y trabajan en los barrios Centenario, Sarsotti, Chalet, Arenales, Santa Rosa de Lima, Villa Oculta, Barranquitas sur, este y oeste, San Pantale\u00f3n, Las Lomas Loyola, San Agust\u00edn, La Ranita, Los Hornos, Abasto, Pompeya, Chaque\u00f1a y toda la parte de Alto Verde, m\u00e1s Colastin\u00e9 norte y sur, entre otros. \u00abEs todo el cord\u00f3n, la frontera social de la ciudad de Santa Fe\u00bb, acota el referente.<\/p>\n<p>\u00abNosotros con el tema del quedate en casa, tenemos en la ciudad de Santa Fe 1600 ranchos y no podemos transmitir esa propaganda ah\u00ed, ni en las 4000 casitas muy pobres que tenemos porque son familias que tienen muchas personas.\u00a0Creemos que ese tema fue llevado a medias. En los barrios seguimos trabajando, distribuyendo bolsones propios junto al gobierno provincial con los suyos y\u00a0se notaba que la gente no pod\u00eda cumplir la cuarentena. De cualquier manera, no se ha difundido el coronavirus en los barrios pobres, gracias a la naturaleza, a dios o a quien sea. A pesar de que la cuarentena o el aislamiento no fue cumplido, como si lo fue por la clase media y alta que cerraron sus puertas con de todo en el freezer y pod\u00edan moverse con libertad dentro de su casa\u00bb, opin\u00f3.<\/p>\n<p>Pero adem\u00e1s enfatiz\u00f3 la necesidad de trabajar en este sector de la poblaci\u00f3n para llevar dinero a los hogares. De esta manera, confes\u00f3 una flexibilizaci\u00f3n de las medidas de aislamiento. En esta l\u00ednea apunt\u00f3 que se est\u00e1 sufriendo mucho la falta de changas. \u00abPor m\u00e1s que est\u00e9 el estigma que los de los barrios no quieren trabajar,\u00a0les puedo atestiguar de manera personal que la gente est\u00e1 deseosa de poder salir a trabajar y no lo puede hacer.\u00a0Ahora hubo un aflojamiento de la cuarentena y la gente est\u00e1 saliendo. Nosotros los planes de vivienda los seguimos haciendo, porque las dirigimos Los Sin Techo pero las construyen las personas que incluso comen ah\u00ed. Y fueron a laburar y de alguna manera la changa los salv\u00f3. Pero eso es lo m\u00e1s dif\u00edcil. Esperamos que cuando se flexibilice m\u00e1s, la gente ya pueda salir a trabajar.\u00a0En los barrios en los que trabajamos, el 80 por ciento tiene trabajo informal por m\u00e1s que en el promedio nacional sea de un 35 por ciento. Que es lo que estuvo parado en toda esta cuarentena\u00bb, inform\u00f3.<\/p>\n<p><strong>La brecha digital<\/strong><\/p>\n<p>Ambrosino adem\u00e1s mostr\u00f3 preocupaci\u00f3n por \u00abun problema dif\u00edcil de resolver: la educaci\u00f3n\u00bb. En este sentido dijo que si se sigue sosteniendo las medidas de aislamiento social, y por consecuencia, las clases a trav\u00e9s de medios digitales se puede abrir una importante brecha en el conocimiento. \u00abEs dif\u00edcil para la gente pobre porque no tiene conectividad y muchas familias no tienen computadoras para poder trabajar o estudiar. Ah\u00ed se puede producir una brecha muy importante, porque la gente muy pobre si se extiende mucho la cuarentena y no tiene educaci\u00f3n va a quedar rezagada respecto de las clases medias y altas que en esos aspectos se puede mover bien. En eso los barrios est\u00e1n en d\u00e9ficit\u00bb, cont\u00f3.<\/p>\n<p>Por \u00faltimo, este jueves se cumple un nuevo aniversario del fallecimiento del Padre Rosso: \u00abEstamos renovando el compromiso y el esfuerzo de lo que \u00e9l hizo una vez. Inici\u00f3 en Santa Fe un sue\u00f1o para que no haya ranchos en la ciudad. Tenemos el compromiso de eliminar los ranchos, usted, yo y cualquiera no puede vivir ni 10 minutos en un rancho. No puede soportar ni el fr\u00edo, ni el calor, ni la inseguridad, ni las tormentas. Entonces no puede admitir la sociedad santafesina que una familia viva en un rancho. Asumimos el compromiso para que los 1600 ranchitos, que son casi 7 mil personas, sean cambiados por casas de los Los Sin Techo, es un homenaje a nuestro fundador. Despu\u00e9s hay casi 5000 casitas que no son ranchos, pero si muy elementales y que tambi\u00e9n sufren ah\u00ed adentro. Queremos empezar por lo peor\u00bb, concluy\u00f3.<\/p>\n<h6>Fuente: Uno<\/h6>\n","protected":false},"excerpt":{"rendered":"<p>As\u00ed lo asegur\u00f3 Jos\u00e9 Luis Ambrosino, del movimiento Los Sin Techo en Santa Fe. Advierte que hay casi 7 mil personas que no pueden cumplir con \u00abel quedate en casa\u00bb<\/p>\n","protected":false},"author":2,"featured_media":101987,"comment_status":"closed","ping_status":"closed","sticky":false,"template":"","format":"standard","meta":{"footnotes":""},"categories":[2],"tags":[10],"class_list":["post-101986","post","type-post","status-publish","format-standard","has-post-thumbnail","hentry","category-informe-municipal","tag-santa-fe"],"_links":{"self":[{"href":"http:\/\/argentinamunicipal.com.ar\/argentina\/wp-json\/wp\/v2\/posts\/101986","targetHints":{"allow":["GET"]}}],"collection":[{"href":"http:\/\/argentinamunicipal.com.ar\/argentina\/wp-json\/wp\/v2\/posts"}],"about":[{"href":"http:\/\/argentinamunicipal.com.ar\/argentina\/wp-json\/wp\/v2\/types\/post"}],"author":[{"embeddable":true,"href":"http:\/\/argentinamunicipal.com.ar\/argentina\/wp-json\/wp\/v2\/users\/2"}],"replies":[{"embeddable":true,"href":"http:\/\/argentinamunicipal.com.ar\/argentina\/wp-json\/wp\/v2\/comments?post=101986"}],"version-history":[{"count":0,"href":"http:\/\/argentinamunicipal.com.ar\/argentina\/wp-json\/wp\/v2\/posts\/101986\/revisions"}],"wp:featuredmedia":[{"embeddable":true,"href":"http:\/\/argentinamunicipal.com.ar\/argentina\/wp-json\/wp\/v2\/media\/101987"}],"wp:attachment":[{"href":"http:\/\/argentinamunicipal.com.ar\/argentina\/wp-json\/wp\/v2\/media?parent=101986"}],"wp:term":[{"taxonomy":"category","embeddable":true,"href":"http:\/\/argentinamunicipal.com.ar\/argentina\/wp-json\/wp\/v2\/categories?post=101986"},{"taxonomy":"post_tag","embeddable":true,"href":"http:\/\/argentinamunicipal.com.ar\/argentina\/wp-json\/wp\/v2\/tags?post=101986"}],"curies":[{"name":"wp","href":"https:\/\/api.w.org\/{rel}","templated":true}]}}