{"id":102047,"date":"2020-04-27T07:59:40","date_gmt":"2020-04-27T10:59:40","guid":{"rendered":"http:\/\/argentinamunicipal.com.ar\/argentina\/?p=102047"},"modified":"2020-04-27T07:59:40","modified_gmt":"2020-04-27T10:59:40","slug":"rosario-detectaron-515-adultos-mayores-en-situacion-de-vulnerabilidad-social","status":"publish","type":"post","link":"http:\/\/argentinamunicipal.com.ar\/argentina\/rosario-detectaron-515-adultos-mayores-en-situacion-de-vulnerabilidad-social\/","title":{"rendered":"Rosario: Detectaron 515 adultos mayores en situaci\u00f3n de vulnerabilidad social"},"content":{"rendered":"<p>La Municipalidad les ofreci\u00f3 alojamiento en los Centros Barriales y puso a disposici\u00f3n el programa Rosario Cuida a los Grandes.<\/p>\n<p>En la reuni\u00f3n del Consejo de Gesti\u00f3n de Riesgo que se desarroll\u00f3 el s\u00e1bado pasado, en la que se realiz\u00f3 un nuevo an\u00e1lisis sobre las acciones que se est\u00e1n llevando adelante desde los Comandos Operativos para enfrentar la propagaci\u00f3n de coronavirus, uno de los temas que m\u00e1s llam\u00f3 la atenci\u00f3n fue la cantidad relevada de adultos mayores en situaci\u00f3n de vulnerabilidad social en la ciudad.<\/p>\n<p>De acuerdo al informe que se expuso de manera virtual, hay 515 personas en esa condici\u00f3n, y desde las estructuras estatales de contenci\u00f3n social les ofrecieron alojamiento en los Centros Barriales de Aislamiento Preventivo, y asimismo les pusieron a disposici\u00f3n las propuestas del programa \u00abRosario Cuida a los Grandes\u00bb, un plan integral de cuidado y acompa\u00f1amiento a los adultos mayores de la ciudad, que incluye contenci\u00f3n psicol\u00f3gica y asistencia a domicilio.<\/p>\n<p>Ese programa impulsa tres ejes estrat\u00e9gicos en simult\u00e1neo, con tres objetivos espec\u00edficos: una red de acompa\u00f1amiento telef\u00f3nico y digital; una red de cuidados en domicilio, y los espacios para aislamiento preventivo.<\/p>\n<p>Seg\u00fan confi\u00f3 a este diario Lucas Raspall, subsecretario de Desarrollo Humano de la Municipalidad, se realiz\u00f3 \u00abun relevamiento que detect\u00f3 515 adultos mayores en zonas de vulnerabilidad socioambiental\u00bb. El funcionario local explic\u00f3 las intenciones de estas acciones: \u00abEn primer lugar, quer\u00edamos tomar contacto con los adultos mayores de cada \u00e1rea de la ciudad, para poder llevarles, desde el Estado, informaci\u00f3n precisa respecto de las medidas preventivas del coronavirus\u00bb.<\/p>\n<p>Y ampli\u00f3 que \u00abdesde la Municipalidad estamos evaluando si existen redes ya conformadas para cada adulto mayor, y adem\u00e1s para poder disponer de esa referencia\u00bb.<\/p>\n<p>Sobre las caracter\u00edsticas particulares del relevamiento, Raspall destac\u00f3 que sirve para dimensionar correctamente \u00abel nivel de vulnerabilidad socioambiental (alta, media o baja) de estas personas, teniendo en cuenta que, oportunamente, y de acuerdo a la situaci\u00f3n epidemiol\u00f3gica de cada \u00e1rea, poder ofrecer los espacios de aislamiento preventivo comunitario\u00bb.<\/p>\n<p><strong>Acciones de prevenci\u00f3n<\/strong><\/p>\n<p>Durante el encuentro del Consejo de Gesti\u00f3n de Riesgo, las autoridades municipales remarcaron que se contin\u00faa con la vacunaci\u00f3n de personas mayores en domicilios, centros de salud y geri\u00e1tricos. Y destacaron la importancia de todas las acciones de prevenci\u00f3n, para enfrentar esta pandemia.<\/p>\n<p>Asimismo, en el cruce de datos se inform\u00f3 que en la red de acompa\u00f1amiento telef\u00f3nico y digital para los adultos mayores, el 82 por ciento de las consultas fue para tareas de contenci\u00f3n y acompa\u00f1amiento; mientras que el 18 por ciento fue para compras en comercios o farmacias de cercan\u00eda.<\/p>\n<p>Adem\u00e1s, comentaron que se realiz\u00f3 la evaluaci\u00f3n de 16 espacios m\u00e1s para Centros Barriales de Aislamiento Preventivo, en distintos barrios de la ciudad. \u00abEsos 16 espacios son aquellos que, eventualmente, recibir\u00e1n a los mayores que, voluntariamente, accedan a ser aislados en otro sitio, cuando en sus hogares no se encuentren dadas las condiciones para cumplir el aislamiento de manera adecuada\u00bb, coment\u00f3 Raspall.<\/p>\n<p>En relaci\u00f3n a los geri\u00e1tricos, un rubro que genera una gran preocupaci\u00f3n en las autoridades sanitarias locales ya que congrega uno de los grupos de riesgo mayoritario en esta pandemia, la Municipalidad inform\u00f3 que se est\u00e1n realizando reuniones con los responsables de las residencias de adultos mayores, geri\u00e1tricos, y el personal sanitario y de cuidados en general, para establecer protocolos ante casos sospechosos.<\/p>\n<p>Y resaltaron que estas reuniones ser\u00e1n de car\u00e1cter semanal, para poder monitorear las medidas que van implementando y su desarrollo.<\/p>\n<p><strong>Acompa\u00f1amiento<\/strong><\/p>\n<p>Los adultos mayores pueden recurrir a la red de acompa\u00f1amiento telef\u00f3nico, para recibir acompa\u00f1amiento y contenci\u00f3n. Las v\u00edas de contacto son: 480-2444 (int. 303\/308), de lunes a viernes de 9 a 18; WhatsApp 341-5781674; aplicaci\u00f3n m\u00f3vil \u00abRosario Responde\u00bb, o al correo electr\u00f3nico adultosmayores@rosario.gob.ar.<\/p>\n<h6>Fuente: La Capital<\/h6>\n","protected":false},"excerpt":{"rendered":"<p>La Municipalidad les ofreci\u00f3 alojamiento en los Centros Barriales y puso a disposici\u00f3n el programa Rosario Cuida a los Grandes.<\/p>\n","protected":false},"author":2,"featured_media":102048,"comment_status":"closed","ping_status":"closed","sticky":false,"template":"","format":"standard","meta":{"footnotes":""},"categories":[2],"tags":[10],"class_list":["post-102047","post","type-post","status-publish","format-standard","has-post-thumbnail","hentry","category-informe-municipal","tag-santa-fe"],"_links":{"self":[{"href":"http:\/\/argentinamunicipal.com.ar\/argentina\/wp-json\/wp\/v2\/posts\/102047","targetHints":{"allow":["GET"]}}],"collection":[{"href":"http:\/\/argentinamunicipal.com.ar\/argentina\/wp-json\/wp\/v2\/posts"}],"about":[{"href":"http:\/\/argentinamunicipal.com.ar\/argentina\/wp-json\/wp\/v2\/types\/post"}],"author":[{"embeddable":true,"href":"http:\/\/argentinamunicipal.com.ar\/argentina\/wp-json\/wp\/v2\/users\/2"}],"replies":[{"embeddable":true,"href":"http:\/\/argentinamunicipal.com.ar\/argentina\/wp-json\/wp\/v2\/comments?post=102047"}],"version-history":[{"count":0,"href":"http:\/\/argentinamunicipal.com.ar\/argentina\/wp-json\/wp\/v2\/posts\/102047\/revisions"}],"wp:featuredmedia":[{"embeddable":true,"href":"http:\/\/argentinamunicipal.com.ar\/argentina\/wp-json\/wp\/v2\/media\/102048"}],"wp:attachment":[{"href":"http:\/\/argentinamunicipal.com.ar\/argentina\/wp-json\/wp\/v2\/media?parent=102047"}],"wp:term":[{"taxonomy":"category","embeddable":true,"href":"http:\/\/argentinamunicipal.com.ar\/argentina\/wp-json\/wp\/v2\/categories?post=102047"},{"taxonomy":"post_tag","embeddable":true,"href":"http:\/\/argentinamunicipal.com.ar\/argentina\/wp-json\/wp\/v2\/tags?post=102047"}],"curies":[{"name":"wp","href":"https:\/\/api.w.org\/{rel}","templated":true}]}}