{"id":1021,"date":"2014-02-13T22:38:06","date_gmt":"2014-02-14T01:38:06","guid":{"rendered":"http:\/\/argentinamunicipal.com.ar\/argentina\/?p=1021"},"modified":"2014-02-13T22:38:06","modified_gmt":"2014-02-14T01:38:06","slug":"el-gobierno-porteno-ofrece-24-de-aumento-a-los-estatales-mientras-dice-que-la-inflacion-es-del-30","status":"publish","type":"post","link":"http:\/\/argentinamunicipal.com.ar\/argentina\/el-gobierno-porteno-ofrece-24-de-aumento-a-los-estatales-mientras-dice-que-la-inflacion-es-del-30\/","title":{"rendered":"El gobierno porte\u00f1o ofrece 24% de aumento a los estatales, mientras dice que la inflaci\u00f3n es del 30%"},"content":{"rendered":"<p><a href=\"http:\/\/argentinamunicipal.com.ar\/argentina\/wp-content\/uploads\/2014\/02\/0001040660.jpg\"><img loading=\"lazy\" decoding=\"async\" class=\"aligncenter size-full wp-image-1022\" alt=\"0001040660\" src=\"http:\/\/argentinamunicipal.com.ar\/argentina\/wp-content\/uploads\/2014\/02\/0001040660.jpg\" width=\"770\" height=\"433\" srcset=\"http:\/\/argentinamunicipal.com.ar\/argentina\/wp-content\/uploads\/2014\/02\/0001040660.jpg 770w, http:\/\/argentinamunicipal.com.ar\/argentina\/wp-content\/uploads\/2014\/02\/0001040660-300x168.jpg 300w\" sizes=\"auto, (max-width: 770px) 100vw, 770px\" \/><\/a><\/p>\n<p>El Ministro de Hacienda porte\u00f1o, N\u00e9stor Grindetti, confirm\u00f3 que la oferta de recomposici\u00f3n salarial a los estatales porte\u00f1os rondar\u00e1 el 24%, varios puntos por debajo del 30% de inflaci\u00f3n que marca el \u00cdndice de Precios al Consumidor que depende de su cartera.<\/p>\n<p>El ministro de Hacienda confirm\u00f3 hoy que la propuesta salarial que le llevar\u00e1n a los trabajadores para 2014 rondar\u00e1 el 24 por ciento, a pesar de que el \u00cdndice de Precios al Consumidor que opera el ministerio a su cargo, determin\u00f3 que el alza de precios para el per\u00edodo enero 2013-enero 2014 fue del 29,7 por ciento.<\/p>\n<p>Consultado por T\u00e9lam sobre las razones por las que la propuesta salarial no alcanza el \u00ed\u00adndice de referencia, Grindetti argument\u00f3 que la recomposici\u00f3n salarial es progresiva ya que su discusi\u00f3n abarca un plazo anual comprendido desde agosto del a\u00f1o pasado al mismo mes de este a\u00f1o.<\/p>\n<p>En este sentido, el ministro afirm\u00f3 que un 24 por ciento \u00abest\u00e1 en sinton\u00eda con la proyecci\u00f3n inflacionaria que trazamos en el presupuesto\u00bb\u009d y reconoci\u00f3 que esa proyecci\u00f3n \u00abprev\u00e9 una inflaci\u00f3n menor a la que registramos los \u00faltimos 12 meses\u00bb.<\/p>\n<p>Al mismo tiempo, sostuvo que \u00ablas paritarias son un reclamo leg\u00edtimo de los trabajadores, pero nuestra capacidad de pago se limita a la recaudaci\u00f3n\u00bb.<\/p>\n<p>\u00abPrometer m\u00e1s es poner en riegos los pagos de aguinaldos\u00bb, indic\u00f3 y remarc\u00f3 su acuerdo con el gobierno nacional en mantener las paritarias anuales ya que abrir discusiones trimestrales o semestrales \u00abgenerar\u00e1\u00adn un alza inflacionaria en momentos en lo que hay que generar expectativas positivas\u00bb para los meses que viene.<\/p>\n<p>Grindetti tambi\u00e9n descart\u00f3 la posibilidad de equiparar los sueldos de estatales a los reiterados aumentos a diferentes impuestos locales que impuls\u00f3 el ejecutivo porte\u00f1o, ya que a su entender \u00abel ABL y otros impuestos, se van actualizando por otro par\u00e1metros y no exclusivamente por la inflaci\u00f3n\u00bb.<\/p>\n<p>Seg\u00fan el funcionario, el techo de ajuste est\u00e1 definido por una ley especial aprobada por la legislatura que habilit\u00f3 un tope de actualizaci\u00f3n del 40%.<\/p>\n<p>Por su parte, Humberto Rodr\u00ed\u00adguez Secretario General Adjunto de la Asociaci\u00f3n de Trabajadores del Estado de la ciudad de Buenos Aires, descart\u00f3 un acuerdo por el porcentaje planteado y record\u00f3 que \u00abdesde el 2011 el macrismo viene reduciendo a\u00f1o a a\u00f1o la masa salarial\u00bb\u009d y adelant\u00f3 que su gremio pedir\u00e1 un 32 por ciento de aumento salarial.<\/p>\n<p>Rodr\u00ed\u00adguez explic\u00f3 que para definir ese monto tomaron como referencia la canasta familiar que la propia ciudad reconoce para una familia tipo que alquila y que definieron en 8800 pesos.<\/p>\n<p>El dirigente sindical afirm\u00f3 que \u00ablas proyecciones presupuestarias del PRO prev\u00e9n aumentos en los servicios, mayor recaudaci\u00f3n y el 40% de aumento a los funcionarios, y los trabajadores no queremos quedar afuera de esto\u00bb\u009d.<\/p>\n<p>Al mismo tiempo, afirm\u00f3 que actualmente en la administraci\u00f3n porte\u00f1a hay 10.000 trabajadores no registrados y otros 20.000 que si bien fueron efectivizados, perciben entre menos de 7.000 pesos, por lo que anticip\u00f3 que, adem\u00e1s de la demanda salarial, exigir\u00e1n encasillamiento y las categor\u00edas seg\u00fan la funci\u00f3n real que cumplen los trabajadores porte\u00f1os.<\/p>\n<p>Finalmente, le reclam\u00f3 a Grindetti una convocatoria a paritarias y un regular funcionamiento de la comisi\u00f3n de discusi\u00f3n entre los trabajadores y el Estado porte\u00f1o.<\/p>\n<h6>Fuente: T\u00e9lam<\/h6>\n","protected":false},"excerpt":{"rendered":"<p>El Ministro de Hacienda porte\u00f1o, N\u00e9stor Grindetti, confirm\u00f3 que la oferta de recomposici\u00f3n salarial a los estatales porte\u00f1os rondar\u00e1 el 24%, varios puntos por debajo del 30% de inflaci\u00f3n que marca el \u00cdndice de Precios al Consumidor que depende de su cartera. El ministro de Hacienda confirm\u00f3 hoy que la propuesta salarial que le llevar\u00e1n<\/p>\n","protected":false},"author":1,"featured_media":1022,"comment_status":"closed","ping_status":"closed","sticky":false,"template":"","format":"standard","meta":{"footnotes":""},"categories":[7],"tags":[36],"class_list":["post-1021","post","type-post","status-publish","format-standard","has-post-thumbnail","hentry","category-informe-sindical","tag-capital-federal"],"_links":{"self":[{"href":"http:\/\/argentinamunicipal.com.ar\/argentina\/wp-json\/wp\/v2\/posts\/1021","targetHints":{"allow":["GET"]}}],"collection":[{"href":"http:\/\/argentinamunicipal.com.ar\/argentina\/wp-json\/wp\/v2\/posts"}],"about":[{"href":"http:\/\/argentinamunicipal.com.ar\/argentina\/wp-json\/wp\/v2\/types\/post"}],"author":[{"embeddable":true,"href":"http:\/\/argentinamunicipal.com.ar\/argentina\/wp-json\/wp\/v2\/users\/1"}],"replies":[{"embeddable":true,"href":"http:\/\/argentinamunicipal.com.ar\/argentina\/wp-json\/wp\/v2\/comments?post=1021"}],"version-history":[{"count":0,"href":"http:\/\/argentinamunicipal.com.ar\/argentina\/wp-json\/wp\/v2\/posts\/1021\/revisions"}],"wp:featuredmedia":[{"embeddable":true,"href":"http:\/\/argentinamunicipal.com.ar\/argentina\/wp-json\/wp\/v2\/media\/1022"}],"wp:attachment":[{"href":"http:\/\/argentinamunicipal.com.ar\/argentina\/wp-json\/wp\/v2\/media?parent=1021"}],"wp:term":[{"taxonomy":"category","embeddable":true,"href":"http:\/\/argentinamunicipal.com.ar\/argentina\/wp-json\/wp\/v2\/categories?post=1021"},{"taxonomy":"post_tag","embeddable":true,"href":"http:\/\/argentinamunicipal.com.ar\/argentina\/wp-json\/wp\/v2\/tags?post=1021"}],"curies":[{"name":"wp","href":"https:\/\/api.w.org\/{rel}","templated":true}]}}