{"id":102245,"date":"2020-04-30T05:00:54","date_gmt":"2020-04-30T08:00:54","guid":{"rendered":"http:\/\/argentinamunicipal.com.ar\/argentina\/?p=102245"},"modified":"2020-04-30T07:49:47","modified_gmt":"2020-04-30T10:49:47","slug":"dengue-en-reconquista-aumentaron-los-casos-un-20-por-ciento-en-cinco-dias","status":"publish","type":"post","link":"http:\/\/argentinamunicipal.com.ar\/argentina\/dengue-en-reconquista-aumentaron-los-casos-un-20-por-ciento-en-cinco-dias\/","title":{"rendered":"Dengue en Reconquista: aumentaron los casos un 20 por ciento en cinco d\u00edas"},"content":{"rendered":"<p>En menos de una semana se registraron 262 casos nuevos de dengue en General Obligado. El 74,5 por ciento de los casos son de la ciudad de Reconquista. El gobierno nacional envi\u00f3 un refuerzo de diez profesionales de la salud al lugar<\/p>\n<p>Este martes por la noche, la Regi\u00f3n de Salud del norte de la provincia dio a conocer a UNO Santa Fe los datos de dengue en General Obligado y alrededores. Se reportaron 1.350 en todo el departamento, m\u00e1s dos casos de Romang (San Javier) que se suman por la cercan\u00eda. La ciudad de Reconquista concentra la mayor cantidad de casos confirmados con 1.007 personas con dengue. En segundo lugar le sigue Avellaneda con 296. Se trata de un aumento de 262 casos desde el \u00faltimo informe epidemiol\u00f3gico que se brind\u00f3 el jueves pasado.<\/p>\n<p>La informaci\u00f3n es en base a auditor\u00eda y relevamiento local de fichas epidemiol\u00f3gicas y nexos epidemiol\u00f3gicos, realizados en los \u00faltimos d\u00edas. En relaci\u00f3n a otras localidades con concentraci\u00f3n de casos se inform\u00f3 que la ciudad de Malabrigo tiene 16 casos confirmados de los cuales seis son por nexo epidemiol\u00f3gico, y adem\u00e1s hay seis casos sospechosos; Villa Guillermina con ocho; Villa Ocampo y Las Toscas con cinco cada una; y Las Garzas con dos.<\/p>\n<p>Luego, hay varias localidades que tienen un caso cada una: Santa Ana, Lanteri, El Sombrerito, Los Lapachos, La Selva (La Sarita), Villa Ana, Florencia, La Potasa, y El Araz\u00e1.<\/p>\n<p>Desde la regional de salud en Reconquista, a cargo de la titular de la Regi\u00f3n de Salud Leira Mansur, describieron que los casos detectados est\u00e1n estudiados y contenidos por los equipos de Salud. Y destacaron: \u00abLa lucha frente al dengue la hacemos entre todos\u00bb.<\/p>\n<p>\u00abTodos los s\u00edndromes febriles est\u00e1n siendo tratados como nexo epidemiol\u00f3gico, que consiste en confirmar los casos probables de dengue a partir de confirmados por laboratorio utilizando la asociaci\u00f3n de persona, tiempo y espacio. Esos nexos se confirman con hemograma y hepatograma en el Laboratorio Hospital Central Reconquista\u00bb, expresaron.<\/p>\n<p>Por otra parte recordaron: \u00abLas condiciones clim\u00e1ticas favorecen al aumento de casos de dengue, por lo que solicita a los ciudadanos colaborar limpiando sus patios y difundiendo entre sus allegados la importancia que tiene la descacharrizaci\u00f3n\u00bb.<\/p>\n<p>Asimismo comunicaron desde la regional que Mariana Maglianese, responsable del \u00c1rea de Control de Vectores de la Provincia de Santa Fe y Mansur, mantuvieron d\u00edas atr\u00e1s encuentros con los distintos equipos de salud. All\u00ed, repasaron las estrategias de trabajo, protocolos y las acciones contra el dengue orientadas a combatir la reproducci\u00f3n del mosquito Aedes aegyti. El descacharrado (la eliminaci\u00f3n de recipientes que puedan juntar agua y actuar como espacios de cr\u00eda de las larvas) ocupa un lugar preponderante para evitar la fuente de generaci\u00f3n de mosquitos.<\/p>\n<p>Por \u00faltimo informaron que a los equipos locales de Reconquista, se sumaron dos enfermeros y dos operarios del Programa Provincial; como as\u00ed tambi\u00e9n un equipo de diez personas, entre ellos operarios y t\u00e9cnicos en Control de Vectores de Naci\u00f3n, que se encuentra trabajando en terreno en estos d\u00edas.<\/p>\n<p>Adem\u00e1s brindaron las siguientes recomendaciones<\/p>\n<p>\u2022 Vaciar y colocar boca abajo baldes, botellas y todo tipo de recipientes que acumulen agua.<\/p>\n<p>\u2022 Cambiar peri\u00f3dicamente agua de floreros y bebederos de mascotas.<\/p>\n<p>\u2022 Mantener desmalezados patios y jardines.<\/p>\n<p>\u2022 No se automedique y concurra al Centro de Salud m\u00e1s cercano, los s\u00edntomas pueden confundirse con una gripe fuerte.<\/p>\n<h6>Fuente: UNo<\/h6>\n","protected":false},"excerpt":{"rendered":"<p>En menos de una semana se registraron 262 casos nuevos de dengue en General Obligado. El 74,5 por ciento de los casos son de la ciudad de Reconquista. El gobierno nacional envi\u00f3 un refuerzo de diez profesionales de la salud al lugar<\/p>\n","protected":false},"author":2,"featured_media":102246,"comment_status":"closed","ping_status":"closed","sticky":false,"template":"","format":"standard","meta":{"footnotes":""},"categories":[2],"tags":[10],"class_list":["post-102245","post","type-post","status-publish","format-standard","has-post-thumbnail","hentry","category-informe-municipal","tag-santa-fe"],"_links":{"self":[{"href":"http:\/\/argentinamunicipal.com.ar\/argentina\/wp-json\/wp\/v2\/posts\/102245","targetHints":{"allow":["GET"]}}],"collection":[{"href":"http:\/\/argentinamunicipal.com.ar\/argentina\/wp-json\/wp\/v2\/posts"}],"about":[{"href":"http:\/\/argentinamunicipal.com.ar\/argentina\/wp-json\/wp\/v2\/types\/post"}],"author":[{"embeddable":true,"href":"http:\/\/argentinamunicipal.com.ar\/argentina\/wp-json\/wp\/v2\/users\/2"}],"replies":[{"embeddable":true,"href":"http:\/\/argentinamunicipal.com.ar\/argentina\/wp-json\/wp\/v2\/comments?post=102245"}],"version-history":[{"count":0,"href":"http:\/\/argentinamunicipal.com.ar\/argentina\/wp-json\/wp\/v2\/posts\/102245\/revisions"}],"wp:featuredmedia":[{"embeddable":true,"href":"http:\/\/argentinamunicipal.com.ar\/argentina\/wp-json\/wp\/v2\/media\/102246"}],"wp:attachment":[{"href":"http:\/\/argentinamunicipal.com.ar\/argentina\/wp-json\/wp\/v2\/media?parent=102245"}],"wp:term":[{"taxonomy":"category","embeddable":true,"href":"http:\/\/argentinamunicipal.com.ar\/argentina\/wp-json\/wp\/v2\/categories?post=102245"},{"taxonomy":"post_tag","embeddable":true,"href":"http:\/\/argentinamunicipal.com.ar\/argentina\/wp-json\/wp\/v2\/tags?post=102245"}],"curies":[{"name":"wp","href":"https:\/\/api.w.org\/{rel}","templated":true}]}}