{"id":102462,"date":"2020-05-07T07:32:05","date_gmt":"2020-05-07T10:32:05","guid":{"rendered":"http:\/\/argentinamunicipal.com.ar\/argentina\/?p=102462"},"modified":"2020-05-07T07:32:05","modified_gmt":"2020-05-07T10:32:05","slug":"al-desamparo-en-santa-fe-cerca-de-60-personas-en-situacion-de-calle-nunca-hicieron-el-aislamiento-y-no-reciben-ayuda","status":"publish","type":"post","link":"http:\/\/argentinamunicipal.com.ar\/argentina\/al-desamparo-en-santa-fe-cerca-de-60-personas-en-situacion-de-calle-nunca-hicieron-el-aislamiento-y-no-reciben-ayuda\/","title":{"rendered":"Al desamparo en Santa Fe: cerca de 60 personas en situaci\u00f3n de calle nunca hicieron el aislamiento y no reciben ayuda"},"content":{"rendered":"<p>Una ONG de la ciudad advierte que tiene una baja en donaciones para asistirlos y no reciben ayuda de la municipalidad<\/p>\n<p>En la ciudad de Santa Fe, muchas personas sin casa, en situaci\u00f3n de calle, reciben asistencia de organizaciones sociales con voluntariado para alimentos y abrigo pero no tienen forma de prevenir el coronavirus con medios propios. Seg\u00fan la ONG Actitud Solidaria, hay al menos 58 santafesinos en estas condiciones que nunca hicieron el aislamiento obligatorio. Duermen a la intemperie en distintas zonas de la ciudad, alejados de grandes avenidas y lugares concurridos o visibles. Desde la organizaci\u00f3n les llevan comida para que puedan sobrevivir pero advierten que cada vez se les hace m\u00e1s dif\u00edcil ya que por la crisis social las donaciones bajaron de manera considerable y no reciben ayuda de la Municipalidad.<\/p>\n<p>\u00abEstamos muy limitados y econ\u00f3micamente ni hablar. Por m\u00e1s que la gente ayuda de la forma que puede, necesitamos para funcionar por lo menos 40 mil pesos para pagar el alquiler, impuestos y compra de insumos. Es muy complicada la situaci\u00f3n. No vamos a dejar de atender a la gente que est\u00e1 en la calle, pero lamentablemente a nosotros se nos van vaciando las estanter\u00edas y no tenemos manera de reponerlas si el Estado no refuerza. El tema es la falta de apoyo\u00bb, describe Mart\u00edn M\u00f3naco, representante de la ONG a UNO Santa Fe.<\/p>\n<p>Las donaciones bajaron de manera considerable y no reciben ayuda de la Municipalidad<br \/>\nEn esta l\u00ednea sostienen que hacen tres salidas \u2013lunes, mi\u00e9rcoles y viernes\u2013 semanales en la que llevan viandas para todos los d\u00edas. \u00abTenemos un monto fijo que es de la Tarjeta \u00danica que la tienen todas las instituciones.\u00a0Son 10.600 pesos. Con eso no compr\u00e1s casi nada hoy en d\u00eda. Hacemos alrededor de 400 viandas por semana, es un promedio de 6,50 pesos cada raci\u00f3n en un mes. Con esa plata no te compr\u00e1s ni un alfajor.\u00a0Es un monto que nos complica porque est\u00e1 desactualizado. Una familia tipo de cuatro personas gasta cerca de mil pesos por d\u00eda. Para dar de comer a 85 personas, como lo hac\u00edamos habitualmente no dan los n\u00fameros\u00bb, agrega sobre el \u00fanico apoyo que tienen de parte del Ministerio de Desarrollo Social del gobierno provincial.<\/p>\n<p>La Municipalidad inform\u00f3 que \u00abdesde el inicio del aislamiento social articula acciones con distintas organizaciones sociales que trabajan con esa poblaci\u00f3n para proveerle elementos de higiene y alimentos\u00bb. Expresan que \u00abya est\u00e1n identificadas todas las personas en situaci\u00f3n de calle, se les est\u00e1 haciendo un seguimiento y se les brinda asistencia. En la actualidad, 34 de ellas est\u00e1n alojadas en alguno de los cuatro dispositivos previstos\u00bb. Sin embargo, desde Actitud Solidaria argumentan que son m\u00e1s esas personas.<\/p>\n<p>M\u00f3naco sostiene: \u00abEstamos atendiendo a 58 personas. Se sigue encontrando a la gente normalmente. No hay menos personas en\u00a0situaci\u00f3n de calle. Est\u00e1n faltando algunas, s\u00ed, porque ten\u00edamos un registro de 85 personas. Pero la realidad muestra que ese aislamiento de las personas que quieren ir a un refugio termina siendo voluntario y es obligatorio seg\u00fan la ley. Hay que buscar los medios para que esas personas lo hagan. M\u00e1s con los cambios de clima, con los primeros fr\u00edos que hubo. Mucha gente que tiene buena alimentaci\u00f3n ya va a estar con signos de resfr\u00edo y congesti\u00f3n t\u00edpicos de la \u00e9poca. Hay que imaginarse entonces lo que pasa con una persona en situaci\u00f3n de calle\u00bb.<\/p>\n<p>\u00abLa falta de colaboraci\u00f3n del Estado repercute. Nunca tuvimos m\u00e1s que eso.\u00a0El problema es que estamos comi\u00e9ndonos los recursos disponibles. Entraron donaciones, pero no es el mismo caudal que a\u00f1os anteriores. En esta misma \u00e9poca en una semana entraban 20 kilos de alimentos, hoy se consume lo poco que entra demasiado r\u00e1pido. Es casi nulo lo que entra. Pueden entrar dos packs de leche, pero no es lo mismo que dos paquetes de arroz o fideos que vuelan\u00bb, indica.<\/p>\n<p>Asimismo denuncia: \u00abA nosotros se nos complica porque la Municipalidad a nosotros nos dijo que por todo este tema de coronavirus no pod\u00edan hacer nuevos convenios. Que van a mantener los que se hicieron el a\u00f1o pasado, que en agosto se renov\u00f3 con algunas instituciones. Pero que con el Covid-19 no nos pueden dar ayuda a nosotros. Lamentablemente, es como que nos dijeron \u00abarreglatelas\u00bb. Hay promesas, nos dijeron que nos iban a avisar pero estamos esperando todav\u00eda. El Estado no se preocupa en reforzar el trabajo con la instituci\u00f3n\u00bb.<\/p>\n<p>Ahora, desde Actitud Solidaria piden alimentos no perecederos y frazadas. \u00abNos han ofrecido ropa como donaciones, pero es mixta, mucha de la que llega es de verano. Muy poca de invierno. Porque como cambia de estaci\u00f3n la gente da lo que no usa m\u00e1s, y nos pasa que no es espec\u00edfico lo que se recibe. Frazadas hemos repartido entre 14 y 15, pero ahora no tenemos m\u00e1s. Estamos pidiendo porque el fr\u00edo de este lunes y martes a la noche apur\u00f3 los procesos\u00bb, expresa M\u00f3naco.<\/p>\n<p>\u00abLa gente no puede dar m\u00e1s de lo que ya da, est\u00e1 todo muy complicado, no se puede salir de la casa. Hay una incertidumbre econ\u00f3mica, se han bajado muchos socios. Ten\u00edamos jubilados que pagaban 50 pesos y lo suspendieron porque no lo pueden pagar. Nos preocupa todo. Es un combo bastante peligroso el que nos toca vivir hoy\u00bb, concluye.<\/p>\n<h6>Fuente: Uno<\/h6>\n","protected":false},"excerpt":{"rendered":"<p>Una ONG de la ciudad advierte que tiene una baja en donaciones para asistirlos y no reciben ayuda de la municipalidad<\/p>\n","protected":false},"author":2,"featured_media":102463,"comment_status":"closed","ping_status":"closed","sticky":false,"template":"","format":"standard","meta":{"footnotes":""},"categories":[2],"tags":[10],"class_list":["post-102462","post","type-post","status-publish","format-standard","has-post-thumbnail","hentry","category-informe-municipal","tag-santa-fe"],"_links":{"self":[{"href":"http:\/\/argentinamunicipal.com.ar\/argentina\/wp-json\/wp\/v2\/posts\/102462","targetHints":{"allow":["GET"]}}],"collection":[{"href":"http:\/\/argentinamunicipal.com.ar\/argentina\/wp-json\/wp\/v2\/posts"}],"about":[{"href":"http:\/\/argentinamunicipal.com.ar\/argentina\/wp-json\/wp\/v2\/types\/post"}],"author":[{"embeddable":true,"href":"http:\/\/argentinamunicipal.com.ar\/argentina\/wp-json\/wp\/v2\/users\/2"}],"replies":[{"embeddable":true,"href":"http:\/\/argentinamunicipal.com.ar\/argentina\/wp-json\/wp\/v2\/comments?post=102462"}],"version-history":[{"count":0,"href":"http:\/\/argentinamunicipal.com.ar\/argentina\/wp-json\/wp\/v2\/posts\/102462\/revisions"}],"wp:featuredmedia":[{"embeddable":true,"href":"http:\/\/argentinamunicipal.com.ar\/argentina\/wp-json\/wp\/v2\/media\/102463"}],"wp:attachment":[{"href":"http:\/\/argentinamunicipal.com.ar\/argentina\/wp-json\/wp\/v2\/media?parent=102462"}],"wp:term":[{"taxonomy":"category","embeddable":true,"href":"http:\/\/argentinamunicipal.com.ar\/argentina\/wp-json\/wp\/v2\/categories?post=102462"},{"taxonomy":"post_tag","embeddable":true,"href":"http:\/\/argentinamunicipal.com.ar\/argentina\/wp-json\/wp\/v2\/tags?post=102462"}],"curies":[{"name":"wp","href":"https:\/\/api.w.org\/{rel}","templated":true}]}}