{"id":102764,"date":"2020-05-14T07:23:16","date_gmt":"2020-05-14T10:23:16","guid":{"rendered":"http:\/\/argentinamunicipal.com.ar\/argentina\/?p=102764"},"modified":"2020-05-14T07:23:16","modified_gmt":"2020-05-14T10:23:16","slug":"rosario-suma-34-kilometros-de-ciclovias-temporarias-para-evitar-el-uso-de-micros","status":"publish","type":"post","link":"http:\/\/argentinamunicipal.com.ar\/argentina\/rosario-suma-34-kilometros-de-ciclovias-temporarias-para-evitar-el-uso-de-micros\/","title":{"rendered":"Rosario suma 34 kil\u00f3metros de ciclov\u00edas temporarias para evitar el uso de micros"},"content":{"rendered":"<p>De esta forma, la red de ciclov\u00edas va a llegar a 173 kil\u00f3metros en toda la ciudad santafesina.<\/p>\n<p>El municipio de Rosario anunci\u00f3 este mi\u00e9rcoles la incorporaci\u00f3n de 34 kil\u00f3metros de ciclov\u00edas temporarias como forma de favorecer ese tipo de movilidad durante la pandemia por coronavirus y desalentar el uso del transporte p\u00fablico masivo.<\/p>\n<p>\u201cSon 34 kil\u00f3metros que se suman a las ya existentes que nos\u00a0permiten extender la red un 25 por cientoy llevarla a 173 kil\u00f3metros en toda la ciudad\u201d, dijo el intendente, Pablo Javkin, durante la presentaci\u00f3n.<\/p>\n<p>A diferencia de las bicisendas permanentes, est\u00e1n requieren menor trabajo porque se trata de se\u00f1alizaci\u00f3n y pintura, por lo que\u00a0el municipio estima terminar el nuevo trazado para fines de mayo.<\/p>\n<p>Javkin explic\u00f3 que el objetivo es favorecer el uso de la bicicleta como forma de movilidad y generar alternativas al transporte p\u00fablico masivo.<br \/>\nEl anuncio se realiz\u00f3 durante\u00a0el tercer d\u00eda del paro por tiempo indeterminado de los choferes del transporte\u00a0urbano afiliados a la UTA, quienes percibieron un 50 por ciento del salario, y critican que las autoridades desalienten el uso de colectivos.<\/p>\n<p>Seg\u00fan datos del propio municipio rosarino, el transporte urbano de pasajeros est\u00e1 ocupado en un 15 por ciento en relaci\u00f3n a antes de la cuarentena dictada el 20 de marzo.<\/p>\n<h6>Fuente: Telam<\/h6>\n","protected":false},"excerpt":{"rendered":"<p>De esta forma, la red de ciclov\u00edas va a llegar a 173 kil\u00f3metros en toda la ciudad santafesina.<\/p>\n","protected":false},"author":2,"featured_media":102765,"comment_status":"closed","ping_status":"closed","sticky":false,"template":"","format":"standard","meta":{"footnotes":""},"categories":[2],"tags":[10],"class_list":["post-102764","post","type-post","status-publish","format-standard","has-post-thumbnail","hentry","category-informe-municipal","tag-santa-fe"],"_links":{"self":[{"href":"http:\/\/argentinamunicipal.com.ar\/argentina\/wp-json\/wp\/v2\/posts\/102764","targetHints":{"allow":["GET"]}}],"collection":[{"href":"http:\/\/argentinamunicipal.com.ar\/argentina\/wp-json\/wp\/v2\/posts"}],"about":[{"href":"http:\/\/argentinamunicipal.com.ar\/argentina\/wp-json\/wp\/v2\/types\/post"}],"author":[{"embeddable":true,"href":"http:\/\/argentinamunicipal.com.ar\/argentina\/wp-json\/wp\/v2\/users\/2"}],"replies":[{"embeddable":true,"href":"http:\/\/argentinamunicipal.com.ar\/argentina\/wp-json\/wp\/v2\/comments?post=102764"}],"version-history":[{"count":0,"href":"http:\/\/argentinamunicipal.com.ar\/argentina\/wp-json\/wp\/v2\/posts\/102764\/revisions"}],"wp:featuredmedia":[{"embeddable":true,"href":"http:\/\/argentinamunicipal.com.ar\/argentina\/wp-json\/wp\/v2\/media\/102765"}],"wp:attachment":[{"href":"http:\/\/argentinamunicipal.com.ar\/argentina\/wp-json\/wp\/v2\/media?parent=102764"}],"wp:term":[{"taxonomy":"category","embeddable":true,"href":"http:\/\/argentinamunicipal.com.ar\/argentina\/wp-json\/wp\/v2\/categories?post=102764"},{"taxonomy":"post_tag","embeddable":true,"href":"http:\/\/argentinamunicipal.com.ar\/argentina\/wp-json\/wp\/v2\/tags?post=102764"}],"curies":[{"name":"wp","href":"https:\/\/api.w.org\/{rel}","templated":true}]}}