{"id":102920,"date":"2020-05-18T04:23:02","date_gmt":"2020-05-18T07:23:02","guid":{"rendered":"http:\/\/argentinamunicipal.com.ar\/argentina\/?p=102920"},"modified":"2020-05-18T07:29:32","modified_gmt":"2020-05-18T10:29:32","slug":"parana-una-de-las-peores-bajantes-de-los-ultimos-50-anos","status":"publish","type":"post","link":"http:\/\/argentinamunicipal.com.ar\/argentina\/parana-una-de-las-peores-bajantes-de-los-ultimos-50-anos\/","title":{"rendered":"Paran\u00e1: una de las peores bajantes de los \u00faltimos 50 a\u00f1os"},"content":{"rendered":"<p>Un buque encall\u00f3 la semana pasada en el Paran\u00e1, que registra una de sus peores bajantes, y las tareas para que volviera a navegar impidieron la circulaci\u00f3n.<\/p>\n<p>Un buque de bandera de Liberia encall\u00f3 la semana anterior en el r\u00edo Paran\u00e1, que registra una de las bajantes m\u00e1s graves de los \u00faltimos 50 a\u00f1os, y las tareas para que volviera a navegar impidieron la normal circulaci\u00f3n en una \u00e9poca clave.<\/p>\n<p>La varadura se produjo a la altura de la ciudad santafesina de Arroyo Seco, en medio de una\u00a0bajante\u00a0hist\u00f3rica del Paran\u00e1, que complica las tareas log\u00edsticas.<\/p>\n<p>El inconveniente se sum\u00f3 a los problemas registrados en la semana, cuando se produjo la ca\u00edda de una porci\u00f3n del veril (pared del canal) del r\u00edo Paran\u00e1 a la altura del kilometro 390, tambi\u00e9n en la zona de Arroyo Seco, situada al sur de Rosario.<\/p>\n<p>\u00abLas dragas hicieron un buen trabajo limpiando todo lo que se hab\u00eda desmoronado y luego se movieron al kil\u00f3metro 401\/402 para mejorar la profundidad\u00bb, destac\u00f3 Guillermo Wade, gerente de la C\u00e1mara de Actividades Portuarias y Mar\u00edtimas (CAPyM). Esto permiti\u00f3 que se normalizara la circulaci\u00f3n. La bajante hist\u00f3rica del Paran\u00e1 tiene efectos multilaterales que restan al sector agroexportador, y a la econom\u00eda en general, unos 244 millones de d\u00f3lares, s\u00f3lo en los primeros cuatro meses de 2020.<\/p>\n<p>\u00abEsto afecta en el plano econ\u00f3mico, por su impacto sobre el principal complejo exportador de la econom\u00eda argentina, as\u00ed como tambi\u00e9n en otras actividades fundamentales para la subsistencia de la regi\u00f3n como la pesca, la potabilizaci\u00f3n de agua, pero tambi\u00e9n en lo ambiental al afectar el ecosistema del r\u00edo\u00bb, indicaron desde la\u00a0Bolsa de Comercio de Rosario\u00a0(BCR).<\/p>\n<h6>Fuente: La Capital<\/h6>\n","protected":false},"excerpt":{"rendered":"<p>Un buque encall\u00f3 la semana pasada en el Paran\u00e1, que registra una de sus peores bajantes, y las tareas para que volviera a navegar impidieron la circulaci\u00f3n.<\/p>\n","protected":false},"author":2,"featured_media":102921,"comment_status":"closed","ping_status":"closed","sticky":false,"template":"","format":"standard","meta":{"footnotes":""},"categories":[2],"tags":[10],"class_list":["post-102920","post","type-post","status-publish","format-standard","has-post-thumbnail","hentry","category-informe-municipal","tag-santa-fe"],"_links":{"self":[{"href":"http:\/\/argentinamunicipal.com.ar\/argentina\/wp-json\/wp\/v2\/posts\/102920","targetHints":{"allow":["GET"]}}],"collection":[{"href":"http:\/\/argentinamunicipal.com.ar\/argentina\/wp-json\/wp\/v2\/posts"}],"about":[{"href":"http:\/\/argentinamunicipal.com.ar\/argentina\/wp-json\/wp\/v2\/types\/post"}],"author":[{"embeddable":true,"href":"http:\/\/argentinamunicipal.com.ar\/argentina\/wp-json\/wp\/v2\/users\/2"}],"replies":[{"embeddable":true,"href":"http:\/\/argentinamunicipal.com.ar\/argentina\/wp-json\/wp\/v2\/comments?post=102920"}],"version-history":[{"count":0,"href":"http:\/\/argentinamunicipal.com.ar\/argentina\/wp-json\/wp\/v2\/posts\/102920\/revisions"}],"wp:featuredmedia":[{"embeddable":true,"href":"http:\/\/argentinamunicipal.com.ar\/argentina\/wp-json\/wp\/v2\/media\/102921"}],"wp:attachment":[{"href":"http:\/\/argentinamunicipal.com.ar\/argentina\/wp-json\/wp\/v2\/media?parent=102920"}],"wp:term":[{"taxonomy":"category","embeddable":true,"href":"http:\/\/argentinamunicipal.com.ar\/argentina\/wp-json\/wp\/v2\/categories?post=102920"},{"taxonomy":"post_tag","embeddable":true,"href":"http:\/\/argentinamunicipal.com.ar\/argentina\/wp-json\/wp\/v2\/tags?post=102920"}],"curies":[{"name":"wp","href":"https:\/\/api.w.org\/{rel}","templated":true}]}}