{"id":103038,"date":"2020-05-20T07:45:46","date_gmt":"2020-05-20T10:45:46","guid":{"rendered":"http:\/\/argentinamunicipal.com.ar\/argentina\/?p=103038"},"modified":"2020-05-20T07:45:46","modified_gmt":"2020-05-20T10:45:46","slug":"santa-fe-municipios-y-comunas-que-autoricen-salidas-recreativas-no-recibiran-el-fondo-de-emergencia","status":"publish","type":"post","link":"http:\/\/argentinamunicipal.com.ar\/argentina\/santa-fe-municipios-y-comunas-que-autoricen-salidas-recreativas-no-recibiran-el-fondo-de-emergencia\/","title":{"rendered":"Santa Fe: Municipios y comunas que autoricen salidas recreativas no recibir\u00e1n el fondo de emergencia"},"content":{"rendered":"<p>El gobernador Omar Perotti firm\u00f3 un decreto por el cual a aquellas localidades que no cumplan \u00aben forma grave\u00bb con las normativas generales de la cuarentena, no se le girar\u00e1n los fondos<\/p>\n<p>El gobernador Omar Perotti firm\u00f3 en las \u00faltimas horas un decreto que podr\u00eda traer pol\u00e9mica. A ra\u00edz de las salidas masivas a los parques que se dieron el fin de semana fundamentalmente en la ciudad de Santa Fe y Rosario, la provincia determin\u00f3 que de ahora en m\u00e1s, los municipios y comunas que autoricen estas actividades o que no cumplan \u201cen forma grave\u201d con las normativas generales de esta fase de la cuarentena, no recibir\u00e1n los fondos correspondientes a la emergencia sanitaria.<\/p>\n<p>Aseguran que el gobernador observ\u00f3 con mucha preocupaci\u00f3n lo que ocurri\u00f3 el fin de semana pasado en los espacios verdes de Santa Fe, Rosario y otras localidades. Y se quiso anticipar a la iniciativa de algunas localidades peque\u00f1as de la provincia, que est\u00e1 analizando habilitar las caminatas por espacios p\u00fablicos.<br \/>\nEl gobierno firm\u00f3 el decreto 420, en el que establece que a partir de ahora, los fondos que reciban en el marco de la emergencia sanitaria, van a estar supeditados al cumplimiento de todos los requisitos y hacer cumplir todas normas del aislamiento.<\/p>\n<p>En resumen, si una comuna autoriza la hora de esparcimiento o no realiza el control de precios m\u00e1ximos, por ejemplo, es muy probable que no reciba m\u00e1s el dinero correspondiente a la ley de emergencia.<\/p>\n<p>A trav\u00e9s de este decreto, la provincia tiene la potestad de no girarle ese dinero. Vale recordar que al aprobarse la ley de necesidad p\u00fablica, de los 15 mil millones de pesos autorizados, tres mil millones son para municipios y comunas.<\/p>\n<p>El subsecretario de trabajo de Santa Fe, Juan Manuel Pusineri, confirm\u00f3 el contenido del decreto: \u201cTeniendo en cuenta que municipios y comunas estaban por disponer o dispusieron las salidas recreativas, se avanz\u00f3 en un decreto que implica que para el giro de los fondos, se va a evaluar el cumplimiento de las normas que tienen que ver con el aislamiento obligatorio y tambi\u00e9n las tareas de fiscalizaci\u00f3n y control que se hagan sobre esas normas\u201d.<\/p>\n<p>Y ampli\u00f3: \u201cO sea que la entrega de los fondos se va a evaluar en base al cumplimiento de estos dos aspectos\u201d.<\/p>\n<p>\u201cNos parece una decisi\u00f3n razonable, porque si los fondos son en el marco de una emergencia sanitaria, no se pueden entregar si las normas no se cumplen y no se hacen cumplir\u201d, agreg\u00f3 Pusineri.<\/p>\n<p>Perotti descart\u00f3 cerrar fronteras y dijo que el de Santa Fe es un \u00ab\u00e9xito fr\u00e1gil\u00bb.<\/p>\n<p>Y ratific\u00f3 que \u201cen principio la comuna o el municipio que autoriza caminatas o no hace control de precios por ejemplo, seg\u00fan la gravedad de la falta, no va a recibir los fondos; esa es la decisi\u00f3n que se tom\u00f3\u201d.<\/p>\n<p>Cabe remarcar que, en este marco de crisis sanitaria y econ\u00f3mica, es un dinero m\u00e1s que necesario para las comunas, por ejemplo, para pagar sueldos.<\/p>\n<h6>Fuente: Uno<\/h6>\n","protected":false},"excerpt":{"rendered":"<p>El gobernador Omar Perotti firm\u00f3 un decreto por el cual a aquellas localidades que no cumplan \u00aben forma grave\u00bb con las normativas generales de la cuarentena, no se le girar\u00e1n los fondos<\/p>\n","protected":false},"author":2,"featured_media":103039,"comment_status":"closed","ping_status":"closed","sticky":false,"template":"","format":"standard","meta":{"footnotes":""},"categories":[2],"tags":[10],"class_list":["post-103038","post","type-post","status-publish","format-standard","has-post-thumbnail","hentry","category-informe-municipal","tag-santa-fe"],"_links":{"self":[{"href":"http:\/\/argentinamunicipal.com.ar\/argentina\/wp-json\/wp\/v2\/posts\/103038","targetHints":{"allow":["GET"]}}],"collection":[{"href":"http:\/\/argentinamunicipal.com.ar\/argentina\/wp-json\/wp\/v2\/posts"}],"about":[{"href":"http:\/\/argentinamunicipal.com.ar\/argentina\/wp-json\/wp\/v2\/types\/post"}],"author":[{"embeddable":true,"href":"http:\/\/argentinamunicipal.com.ar\/argentina\/wp-json\/wp\/v2\/users\/2"}],"replies":[{"embeddable":true,"href":"http:\/\/argentinamunicipal.com.ar\/argentina\/wp-json\/wp\/v2\/comments?post=103038"}],"version-history":[{"count":0,"href":"http:\/\/argentinamunicipal.com.ar\/argentina\/wp-json\/wp\/v2\/posts\/103038\/revisions"}],"wp:featuredmedia":[{"embeddable":true,"href":"http:\/\/argentinamunicipal.com.ar\/argentina\/wp-json\/wp\/v2\/media\/103039"}],"wp:attachment":[{"href":"http:\/\/argentinamunicipal.com.ar\/argentina\/wp-json\/wp\/v2\/media?parent=103038"}],"wp:term":[{"taxonomy":"category","embeddable":true,"href":"http:\/\/argentinamunicipal.com.ar\/argentina\/wp-json\/wp\/v2\/categories?post=103038"},{"taxonomy":"post_tag","embeddable":true,"href":"http:\/\/argentinamunicipal.com.ar\/argentina\/wp-json\/wp\/v2\/tags?post=103038"}],"curies":[{"name":"wp","href":"https:\/\/api.w.org\/{rel}","templated":true}]}}