{"id":103237,"date":"2020-05-26T07:01:07","date_gmt":"2020-05-26T10:01:07","guid":{"rendered":"http:\/\/argentinamunicipal.com.ar\/argentina\/?p=103237"},"modified":"2020-05-26T07:01:07","modified_gmt":"2020-05-26T10:01:07","slug":"municipios-santafesinos-advirtieron-a-la-provincia-que-sin-asistencia-peligra-la-paz-social","status":"publish","type":"post","link":"http:\/\/argentinamunicipal.com.ar\/argentina\/municipios-santafesinos-advirtieron-a-la-provincia-que-sin-asistencia-peligra-la-paz-social\/","title":{"rendered":"Municipios santafesinos advirtieron a la provincia que sin asistencia peligra la paz social"},"content":{"rendered":"<p>Reclaman el urgente env\u00edo de fondos de las leyes de Coronavirus y Necesidad P\u00fablica. Y la distribuci\u00f3n de Aportes del Tesoro Nacional. Denuncian que est\u00e1n al borde del colapso financiero.<\/p>\n<p>\u201cSe\u00f1or gobernador Omar Perotti: usted fue intendente y sabe que los municipios somos la primera ventanilla de la Democracia, donde acuden los vecinos frente a cualquier crisis. De la crisis vamos a salir con el esfuerzo conjunto de todos\u201d, se\u00f1ala, con tono apremiante, la misiva remitida esta semana al titular del Casa Gris por los integrantes del Foro de Intendentes y Presidentes de Comuna de la provincia de Santa Fe.<\/p>\n<p>Los jefes distritales del radicalismo insistieron, por en\u00e9sima vez, en reclamar el giro de fondos necesarios y comprometidos para afrontar la pand\u00e9mica situaci\u00f3n desatada por la emergencia sanitaria de coronavirus, y de partidas que ayuden a sobrellevar la acuciante situaci\u00f3n financiera que atraviesa las administraciones locales.<br \/>\nEsta vez, el tono utilizado por los intendentes y presidentes de comuna fue a\u00fan m\u00e1s perentorio que en ocasiones anteriores. \u201cLos municipios pedimos la asistencia del gobierno provincial para seguir manteniendo la paz social en nuestras localidades\u201d, aseguraron.<\/p>\n<p>Para, acto seguido, dejar constancia de que \u201cel Foro manifiesta su profunda preocupaci\u00f3n ante la falta de respuestas del gobierno provincial\u201d. \u201cEs sumamente necesaria esta asistencia para poder coordinar acciones con el gobierno de la provincia, trabajar eficazmente en la prevenci\u00f3n de la propagaci\u00f3n del virus y asistir alimentariamente a los m\u00e1s necesitados en nuestras comunidades\u201d, argumentaron.<\/p>\n<p>Los mandatarios radicales agregaron que es imperioso el env\u00edo de ayuda de la provincia por la necesidad de pagar los salarios y el aguinaldo en tiempo y forma, a lo que calificaron como \u201cestrat\u00e9gico para poder mantener las ganas y la moral de nuestros trabajadores, quienes siguieron manteniendo el funcionamiento de los servicios b\u00e1sicos en los peores momentos\u201d.<\/p>\n<p>Puntualmente, por los motivos expuestos solicitaron al gobierno provincial en car\u00e1cter de urgencia la remisi\u00f3n de aportes contemplados en leyes aprobadas por la Legislatura.<\/p>\n<p>En primer lugar, citaron el Fondo Ley de Coronavirus, sobre el cual requirieron una distribuci\u00f3n equitativa de los $ 1.000 millones aprobados por esta ley, de los cuales solo se distribuyeron $ 309 millones.<\/p>\n<p>En segundo t\u00e9rmino, demandaron el pago inmediato de los saldos aplicables a gastos corrientes de Obras Menores en el marco del Fondo Ley de Necesidad P\u00fablica. Por \u00faltimo y con relaci\u00f3n a recursos del Estado nacional, exhortaron a su distribuci\u00f3n a trav\u00e9s de \u00edndices de coparticipaci\u00f3n. Se trata de Aportes del Tesoro Nacional (ATN) recibidos del gobierno nacional.<\/p>\n<p><strong>Crisis<\/strong><br \/>\nLa crisis econ\u00f3mica y social golpea de lleno en las arcas municipales, al punto de que m\u00e1s all\u00e1 de que la gran mayor\u00eda, sino la totalidad, de los municipios y comunas de la provincia implementen econom\u00edas de guerra, con reducciones de sueldos de sus planteles pol\u00edticos y prestaciones solo indispensables de servicios, la plata no alcanza.<br \/>\nEsta nueva realidad que ven\u00eda agudiz\u00e1ndose dram\u00e1ticamente en los meses previos a la cuarentena se torn\u00f3 todav\u00eda m\u00e1s compleja, con el desmejoramiento de los niveles de empleo, changas y trabajos temporarios, producto del aislamiento obligatorio, y el incremento sostenido de precios de insumos necesarios para el funcionamiento.<\/p>\n<p>El cuadro se vuelve m\u00e1s sombr\u00edo si se tiene en cuenta que la provincia redujo su funcionamiento a un m\u00ednimo hist\u00f3rico que implic\u00f3, por ejemplo, el atraso del env\u00edo de partidas para los Centros de Cuidados Infantiles, que est\u00e1n sin convenio y cuya \u00faltima cuota fue percibida en octubre.<\/p>\n<p>Lo propio sucede con Ni\u00f1ez, la \u00faltima cuota se pag\u00f3 en marzo; los comedores, la \u00faltima cuota (doble) se percibi\u00f3 en febrero; y la prevenci\u00f3n de adicciones, sin convenio, cuyo \u00faltimo pago se remonta a diciembre.<\/p>\n<p>Peor aun es lo que ocurre con gastos corrientes de Obras Menores 2018, 2019 y 2020, que se encuentran demorados y sin novedades. Al igual que los fondos para planes de pavimentaci\u00f3n para municipios y comunas, que figuran impagos.<\/p>\n<p>La misma suerte aciaga corren los planes de viviendas, programas en lotes propios, y las obras provinciales, hoy por hoy una especie de utop\u00eda.<\/p>\n<h6>Fuente: El Litoral<\/h6>\n","protected":false},"excerpt":{"rendered":"<p>Reclaman el urgente env\u00edo de fondos de las leyes de Coronavirus y Necesidad P\u00fablica. Y la distribuci\u00f3n de Aportes del Tesoro Nacional. Denuncian que est\u00e1n al borde del colapso financiero.<\/p>\n","protected":false},"author":2,"featured_media":103238,"comment_status":"closed","ping_status":"closed","sticky":false,"template":"","format":"standard","meta":{"footnotes":""},"categories":[4],"tags":[10],"class_list":["post-103237","post","type-post","status-publish","format-standard","has-post-thumbnail","hentry","category-informe-politico","tag-santa-fe"],"_links":{"self":[{"href":"http:\/\/argentinamunicipal.com.ar\/argentina\/wp-json\/wp\/v2\/posts\/103237","targetHints":{"allow":["GET"]}}],"collection":[{"href":"http:\/\/argentinamunicipal.com.ar\/argentina\/wp-json\/wp\/v2\/posts"}],"about":[{"href":"http:\/\/argentinamunicipal.com.ar\/argentina\/wp-json\/wp\/v2\/types\/post"}],"author":[{"embeddable":true,"href":"http:\/\/argentinamunicipal.com.ar\/argentina\/wp-json\/wp\/v2\/users\/2"}],"replies":[{"embeddable":true,"href":"http:\/\/argentinamunicipal.com.ar\/argentina\/wp-json\/wp\/v2\/comments?post=103237"}],"version-history":[{"count":0,"href":"http:\/\/argentinamunicipal.com.ar\/argentina\/wp-json\/wp\/v2\/posts\/103237\/revisions"}],"wp:featuredmedia":[{"embeddable":true,"href":"http:\/\/argentinamunicipal.com.ar\/argentina\/wp-json\/wp\/v2\/media\/103238"}],"wp:attachment":[{"href":"http:\/\/argentinamunicipal.com.ar\/argentina\/wp-json\/wp\/v2\/media?parent=103237"}],"wp:term":[{"taxonomy":"category","embeddable":true,"href":"http:\/\/argentinamunicipal.com.ar\/argentina\/wp-json\/wp\/v2\/categories?post=103237"},{"taxonomy":"post_tag","embeddable":true,"href":"http:\/\/argentinamunicipal.com.ar\/argentina\/wp-json\/wp\/v2\/tags?post=103237"}],"curies":[{"name":"wp","href":"https:\/\/api.w.org\/{rel}","templated":true}]}}