{"id":103240,"date":"2020-05-26T07:04:57","date_gmt":"2020-05-26T10:04:57","guid":{"rendered":"http:\/\/argentinamunicipal.com.ar\/argentina\/?p=103240"},"modified":"2020-05-26T07:04:57","modified_gmt":"2020-05-26T10:04:57","slug":"santa-fe-festram-insiste-con-la-convocatoria-urgente-a-paritarias","status":"publish","type":"post","link":"http:\/\/argentinamunicipal.com.ar\/argentina\/santa-fe-festram-insiste-con-la-convocatoria-urgente-a-paritarias\/","title":{"rendered":"Santa Fe: Festram insiste con la convocatoria urgente a paritarias"},"content":{"rendered":"<p>El gremio reclama adem\u00e1s por el recorte de salarios, despidos y el cumplimiento de los protocolos de salud en el marco del coronavirus.<\/p>\n<p>La Federaci\u00f3n de Trabajadores Municipales de la Provincia de Santa Fe (Festram ) alerta que la situaci\u00f3n laboral se encuentra al borde del colapso y plantea que las autoridades municipales y provinciales deben asumir la responsabilidad por los conflictos inminentes. Sin paritaria, sin di\u00e1logo social, comienzan a generarse situaciones de tensi\u00f3n innecesarias que derivan, indefectiblemente, en conflictos laborales surgidos, lamentablemente, en el marco de la pandemia planetaria y el desastre epidemiol\u00f3gico del dengue.<\/p>\n<p>El gremio municipal y comunal, junto a otros sectores de trabajadores esenciales, se\u00f1ala que ellos constituyen la garant\u00eda para la aplicaci\u00f3n de las pol\u00edticas p\u00fablicas sanitarias y las medidas de seguridad durante el aislamiento social preventivo y obligatorio, como tambi\u00e9n la atenci\u00f3n a la poblaci\u00f3n de cada una de las localidades, en el marco de la pandemia por coronavirus y la epidemia del dengue.<\/p>\n<p>\u00abEl nivel de agresi\u00f3n y maltrato laboral que se vive en varios\u00a0municipios\u00a0de la provincia resultan inmorales, re\u00f1idas con la \u00e9tica p\u00fablica y la solidaridad social\u00bb asegur\u00f3 el secretario general de Festram, Claudio Leoni.<\/p>\n<p>\u00abEl deterioro del poder adquisitivo del salario, que se encuentra congelado a valores de diciembre del 2019 (9,4 por ciento acumulado IPC), se agudiza con un alto nivel de incertidumbre para percibir los sueldos, con municipios que a\u00fan adeudan la totalidad del mes de abril. Ins\u00f3litamente son estos trabajadores y trabajadoras quienes tienen la responsabilidad de controlar los precios en los comercios de sus localidades, lo que aparece como inveros\u00edmil, frente al alza especulativa de los alimentos\u00bb, dijo.<\/p>\n<p>La Festram se\u00f1ala que no conformes con el incumplimiento de las obligaciones salariales, se han rebuscado interpretaciones legales para evadir las decisiones presidenciales de necesidad y urgencia, tomadas en la pandemia. As\u00ed, hay muchos municipios que aprovechan las restricciones de la actividad sindical para \u00abrecortar el sueldo de los trabajadores, reduciendo entre un 30 y 40 por ciento sus ingresos\u00bb. Estas situaciones se produjeron en las Municipalidades de Rufino, San Carlos Centro, Las Rosas, Firmat, G\u00e1lvez, Avellaneda, San Crist\u00f3bal, Esperanza, Correa y en numerosas comunas.<\/p>\n<p>La Festram dice que las reducciones salariales se utilizan de excusa para no efectivizar a los trabajadores esenciales el bono de 3.000 pesos, cuyos recursos ya fueron transferidos en el Fondo Covid.<\/p>\n<p>El gremio asegura que el cumplimento de los protocolos en municipios y comunas es an\u00e1rquico. Y que mientras se disputa la adhesi\u00f3n de la provincia a la ley de las ART, \u00e9stas mantienen una ausencia total de sus responsabilidades en los lugares de trabajo, y en muchos casos son responsables de las condiciones de salubridad lamentables. A la vez, las administraciones no proveen de los elementos de seguridad e higiene.<\/p>\n<p>A este panorama -agrega- se le suma los despidos masivos de trabajadores informales, como ocurri\u00f3 en el municipio de Villa Constituci\u00f3n. Adem\u00e1s se utilizan trabajadores precarizados sin cobertura de riesgo de trabajo, seguros, obra social y salarios m\u00ednimos.<\/p>\n<p>Festram reunir\u00e1 por teleconferencia al plenario de secretarios generales para resolver las medidas a seguir frente a la situaci\u00f3n descripta, luego de que el gobierno provincial no cumpliera con el compromiso de convocar a la Comisi\u00f3n Paritaria Municipal en el transcurso de la semana pasada.<\/p>\n<p>Tambi\u00e9n exige reunirse con los intendentes y el gobierno provincial, para despejar la incertidumbre provocada por la falta de informaci\u00f3n en la transferencia de recursos a Municipios y Comunas, garantizar el pago de haberes y del sueldo anual complementario, asegurar el pago del bono de 3.000 pesos para los trabajadores afectados a la pandemia, impedir las reducciones salariales y unificar los protocolos de salud, social y laboral.<\/p>\n<h6>Fuente: Uno<\/h6>\n","protected":false},"excerpt":{"rendered":"<p>El gremio reclama adem\u00e1s por el recorte de salarios, despidos y el cumplimiento de los protocolos de salud en el marco del coronavirus.<\/p>\n","protected":false},"author":2,"featured_media":103241,"comment_status":"closed","ping_status":"closed","sticky":false,"template":"","format":"standard","meta":{"footnotes":""},"categories":[7],"tags":[10],"class_list":["post-103240","post","type-post","status-publish","format-standard","has-post-thumbnail","hentry","category-informe-sindical","tag-santa-fe"],"_links":{"self":[{"href":"http:\/\/argentinamunicipal.com.ar\/argentina\/wp-json\/wp\/v2\/posts\/103240","targetHints":{"allow":["GET"]}}],"collection":[{"href":"http:\/\/argentinamunicipal.com.ar\/argentina\/wp-json\/wp\/v2\/posts"}],"about":[{"href":"http:\/\/argentinamunicipal.com.ar\/argentina\/wp-json\/wp\/v2\/types\/post"}],"author":[{"embeddable":true,"href":"http:\/\/argentinamunicipal.com.ar\/argentina\/wp-json\/wp\/v2\/users\/2"}],"replies":[{"embeddable":true,"href":"http:\/\/argentinamunicipal.com.ar\/argentina\/wp-json\/wp\/v2\/comments?post=103240"}],"version-history":[{"count":0,"href":"http:\/\/argentinamunicipal.com.ar\/argentina\/wp-json\/wp\/v2\/posts\/103240\/revisions"}],"wp:featuredmedia":[{"embeddable":true,"href":"http:\/\/argentinamunicipal.com.ar\/argentina\/wp-json\/wp\/v2\/media\/103241"}],"wp:attachment":[{"href":"http:\/\/argentinamunicipal.com.ar\/argentina\/wp-json\/wp\/v2\/media?parent=103240"}],"wp:term":[{"taxonomy":"category","embeddable":true,"href":"http:\/\/argentinamunicipal.com.ar\/argentina\/wp-json\/wp\/v2\/categories?post=103240"},{"taxonomy":"post_tag","embeddable":true,"href":"http:\/\/argentinamunicipal.com.ar\/argentina\/wp-json\/wp\/v2\/tags?post=103240"}],"curies":[{"name":"wp","href":"https:\/\/api.w.org\/{rel}","templated":true}]}}