{"id":103243,"date":"2020-05-26T07:08:51","date_gmt":"2020-05-26T10:08:51","guid":{"rendered":"http:\/\/argentinamunicipal.com.ar\/argentina\/?p=103243"},"modified":"2020-05-26T07:08:51","modified_gmt":"2020-05-26T10:08:51","slug":"comercios-rosarinos-al-borde-del-colapso-por-el-horario-de-atencion-y-el-paro-de-la-uta","status":"publish","type":"post","link":"http:\/\/argentinamunicipal.com.ar\/argentina\/comercios-rosarinos-al-borde-del-colapso-por-el-horario-de-atencion-y-el-paro-de-la-uta\/","title":{"rendered":"Comercios rosarinos al borde del colapso por el horario de atenci\u00f3n y el paro de la UTA"},"content":{"rendered":"<p>Referentes del centro quieren abrir de 10 a 18 para aprovechar el movimiento bancario. El conflicto del transporte resiente a\u00fan m\u00e1s las ventas.<\/p>\n<p>Referentes de los comerciantes del centro de la ciudad reclamaron ayer adelantar el horario de apertura para generar m\u00e1s ventas y les exigieron a las autoridades que solucionen de una vez por todas el paro de colectivos, que ya lleva 16 d\u00edas y profundiza el escaso movimiento en el sector m\u00e1s neur\u00e1lgico de Rosario.<\/p>\n<p>El pedido no es menor si se tiene en cuenta que la facturaci\u00f3n de los comercios ronda hoy en un 30 o 40 por ciento de lo que era antes de que se declarara la cuarentena obligatoria. Los comerciantes creen que cambiando el esquema de apertura de 13 a 19 por el de 10 a 18, aprovechar\u00edan el movimiento de la segunda ma\u00f1ana en horario de los\u00a0bancos\u00a0(de 8.15 a 13.15) para aumentar algo las ventas.<\/p>\n<p>Lo ideal, proponen, ser\u00eda poder abrir m\u00e1s temprano pero sin cruzarse con el horario de apertura de los bancos, para no aglomerar gente y respetar los cuidados sanitarios. \u00abLa gente va al centro a los bancos pero no tiene ni bares para esperar a que abramos, entonces se vuelven\u00bb, explic\u00f3 Nelson Graells, de Amigos de la Peatonal C\u00f3rdoba.<\/p>\n<p>Los referentes tambi\u00e9n piden cambiar el horario de los s\u00e1bados, que hoy es de 9 a 14, por si alg\u00fan cliente quiere ir m\u00e1s tarde en su d\u00eda libre, aument\u00e1ndolo de 9 a 17 o en el mismo per\u00edodo de la semana, de 10 a 18. \u00abHasta esa hora llega el movimiento, que es mucho m\u00e1s reducido por la llegada de las bajas temperaturas\u00bb, argument\u00f3 Fabio Acosta, titular de la Asociaci\u00f3n Casco Hist\u00f3rico.<\/p>\n<p>Para Miguel Rucco, del paseo comercial calle San Luis, el momento comercial m\u00e1s importante \u00abcomienza a las 10 u 11\u00bb, por lo que la apertura a las 13 los estar\u00eda perjudicando. \u00abHay que darle posibilidad al que se acerca a hacer tr\u00e1mites para que se quede a comprar algo\u00bb, especul\u00f3.<\/p>\n<p>\u00abEstamos en gestiones para ampliar el horario, porque as\u00ed no alcanza\u00bb, dijo Miguel Angel Marcogliese, del Paseo Comercial del Siglo. \u00abA las 17, m\u00e1s con este fr\u00edo, ya no queda nadie. Y la mayor\u00eda de los negocios, por seguridad dada la baja circulaci\u00f3n, ha decidido cerrar a las 18\u00bb, indic\u00f3.<\/p>\n<p><strong>El paro<\/strong><\/p>\n<p>A su vez, los representantes del sector dicen que la zona sufre por el paro de transporte p\u00fablico, que ya lleva 16 d\u00edas sin soluci\u00f3n (ver p\u00e1gina 4). Adem\u00e1s, se\u00f1alaron que el aumento del movimiento vehicular, que se ubica en el 60 por ciento de lo normal, se debe a que muchos se trasladan en auto, generando una \u00abfalsa sensaci\u00f3n\u00bb de normalidad. \u00abEn el centro hay menos presencia de gente y se nota. Es necesario que se arregle el conflicto del transporte p\u00fablico\u00bb, dijo Graells.<\/p>\n<p>Por su parte, Acosta subray\u00f3 que \u00abse debe garantizar la movilidad de los consumidores y jubilados que tienen que ir a los bancos, de los vecinos que est\u00e1n yendo a hacer tr\u00e1mites al correo, y de los que trabajan en el centro. Hoy van como pueden, seg\u00fan las posibilidades del empleador de pagar taxis o de alg\u00fan familiar que los acerque en auto. Las bicicletas son s\u00f3lo una opci\u00f3n para los que viven cerca, m\u00e1s lejos es inviable por la inseguridad y por las distancias\u00bb, consider\u00f3 el referente de las galer\u00edas comerciales.<\/p>\n<p>Rucco, en tanto, dijo que en calle San Luis se percibe la ausencia de revendedores de mercader\u00eda. \u00abEsto influye sobre la gente que tiene menos recursos, los \u00abbuscas\u00bb que nos compran productos para salir a vender, como curitas, pa\u00f1uelos, biromes o medias. No tienen auto propio y viven lejos para venir caminando o en bicicleta\u00bb, revel\u00f3.<\/p>\n<p>En esa l\u00ednea opin\u00f3 el presidente de Casco Hist\u00f3rico, quien afirm\u00f3 que la zona sin colectivos y con estos horarios \u00abno resiste m\u00e1s\u00bb, y exigi\u00f3 respuestas a ambos pedidos. \u00abEsto dar\u00eda chance a los comercios grandes de llamar a m\u00e1s empleados, ya que algunos trabajan con el 30 por ciento de la plantilla. A los m\u00e1s chicos les permitir\u00e1 vender algo m\u00e1s, porque muchos no hacen caja para salvar los gastos del d\u00eda\u00bb, analiz\u00f3.<\/p>\n<p>\u00abEstamos muy mal, hay muchos locales que se han ido y han vaciado todo\u00bb, describi\u00f3, en tanto, Marcogliese. Y asegur\u00f3 que la soluci\u00f3n \u00abno pasa s\u00f3lo por el horario o el transporte, sino por la ayuda del Estado\u00bb que dicen no haber recibido. \u00abNos cerraron el ingreso de dinero, pero nos dejaron abiertos los gastos, ya que seguimos pagando impuestos\u00bb.<\/p>\n<h6>Fuente: La Capital<\/h6>\n","protected":false},"excerpt":{"rendered":"<p>Referentes del centro quieren abrir de 10 a 18 para aprovechar el movimiento bancario. El conflicto del transporte resiente a\u00fan m\u00e1s las ventas.<\/p>\n","protected":false},"author":2,"featured_media":103244,"comment_status":"closed","ping_status":"closed","sticky":false,"template":"","format":"standard","meta":{"footnotes":""},"categories":[5],"tags":[10],"class_list":["post-103243","post","type-post","status-publish","format-standard","has-post-thumbnail","hentry","category-informe-economico","tag-santa-fe"],"_links":{"self":[{"href":"http:\/\/argentinamunicipal.com.ar\/argentina\/wp-json\/wp\/v2\/posts\/103243","targetHints":{"allow":["GET"]}}],"collection":[{"href":"http:\/\/argentinamunicipal.com.ar\/argentina\/wp-json\/wp\/v2\/posts"}],"about":[{"href":"http:\/\/argentinamunicipal.com.ar\/argentina\/wp-json\/wp\/v2\/types\/post"}],"author":[{"embeddable":true,"href":"http:\/\/argentinamunicipal.com.ar\/argentina\/wp-json\/wp\/v2\/users\/2"}],"replies":[{"embeddable":true,"href":"http:\/\/argentinamunicipal.com.ar\/argentina\/wp-json\/wp\/v2\/comments?post=103243"}],"version-history":[{"count":0,"href":"http:\/\/argentinamunicipal.com.ar\/argentina\/wp-json\/wp\/v2\/posts\/103243\/revisions"}],"wp:featuredmedia":[{"embeddable":true,"href":"http:\/\/argentinamunicipal.com.ar\/argentina\/wp-json\/wp\/v2\/media\/103244"}],"wp:attachment":[{"href":"http:\/\/argentinamunicipal.com.ar\/argentina\/wp-json\/wp\/v2\/media?parent=103243"}],"wp:term":[{"taxonomy":"category","embeddable":true,"href":"http:\/\/argentinamunicipal.com.ar\/argentina\/wp-json\/wp\/v2\/categories?post=103243"},{"taxonomy":"post_tag","embeddable":true,"href":"http:\/\/argentinamunicipal.com.ar\/argentina\/wp-json\/wp\/v2\/tags?post=103243"}],"curies":[{"name":"wp","href":"https:\/\/api.w.org\/{rel}","templated":true}]}}