{"id":103309,"date":"2020-05-27T07:43:33","date_gmt":"2020-05-27T10:43:33","guid":{"rendered":"http:\/\/argentinamunicipal.com.ar\/argentina\/?p=103309"},"modified":"2020-05-27T07:43:33","modified_gmt":"2020-05-27T10:43:33","slug":"jeremias-el-nino-pampeano-que-debe-subir-una-loma-para-mandar-su-tarea","status":"publish","type":"post","link":"http:\/\/argentinamunicipal.com.ar\/argentina\/jeremias-el-nino-pampeano-que-debe-subir-una-loma-para-mandar-su-tarea\/","title":{"rendered":"Jerem\u00edas, el ni\u00f1o pampeano que debe subir una loma para mandar su tarea"},"content":{"rendered":"<p>Cabalgando a su caballo \u00abPeludo\u00bb, el ni\u00f1o debe llegar a la loma de un campo vecino donde hay se\u00f1al de celular.<\/p>\n<p>Jerem\u00edas Gonz\u00e1les Ordienco tiene 7 a\u00f1os y vive en un puesto rural ubicado a 30 kil\u00f3metros de Santa Isabel, una localidad de La Pampa cercana al l\u00edmite con Mendoza.<\/p>\n<p>Para cumplir con sus deberes, Jerem\u00edas debe trasladarse en caballo hasta el campo de un vecino y subirse a una loma alfombrada por olivillos, es el \u00fanico lugar donde hay se\u00f1al de celular.<\/p>\n<p>En ese sitio, y en compa\u00f1\u00eda de alguno de sus padres, el ni\u00f1o recibe su tarea v\u00eda celular y env\u00eda las actividades que le son encomendadas.<\/p>\n<p>Su maestra conmovida, comparti\u00f3 el video de Jerem\u00edas en su cuenta de Facebook.<\/p>\n<p>Sonia Ana D\u00edaz, la docente de jerem\u00edas, coment\u00f3 que en los videos que recibe, su alumno comienza diciendo: \u201cAc\u00e1 estoy se\u00f1o, desde la loma\u201d.<\/p>\n<p>D\u00edaz cont\u00f3 \u00a0que en la Escuela 99 solo tuvo contacto personal \u00a0con sus alumnos durante dos semanas. \u201cLuego ya vino la pandemia y no los pude ver m\u00e1s\u201d, afirm\u00f3.<\/p>\n<p>\u201cJerem\u00edas es uno de los tres chicos de segundo grado que vive en el campo. Env\u00eda videos, contando qu\u00e9 hace y leyendo canciones. Tambi\u00e9n env\u00eda saludos a sus compa\u00f1eros y nos hizo conocer hace un mes atr\u00e1s su mascota preferida, Peludo, su caballo. El mismo que lo acompa\u00f1a hasta la loma. Normalmente va d\u00eda por medio a pesar del viento, los d\u00edas grises, que lo han acompa\u00f1ado pero es evidente que su responsabilidad est\u00e1 primero\u201d, dice la maestra al portal Diario Textual.<\/p>\n<h6>Fuente: R\u00edo Negro<\/h6>\n","protected":false},"excerpt":{"rendered":"<p>Cabalgando a su caballo \u00abPeludo\u00bb, el ni\u00f1o debe llegar a la loma de un campo vecino donde hay se\u00f1al de celular.<\/p>\n","protected":false},"author":2,"featured_media":103310,"comment_status":"closed","ping_status":"closed","sticky":false,"template":"","format":"standard","meta":{"footnotes":""},"categories":[2],"tags":[42],"class_list":["post-103309","post","type-post","status-publish","format-standard","has-post-thumbnail","hentry","category-informe-municipal","tag-la-pampa"],"_links":{"self":[{"href":"http:\/\/argentinamunicipal.com.ar\/argentina\/wp-json\/wp\/v2\/posts\/103309","targetHints":{"allow":["GET"]}}],"collection":[{"href":"http:\/\/argentinamunicipal.com.ar\/argentina\/wp-json\/wp\/v2\/posts"}],"about":[{"href":"http:\/\/argentinamunicipal.com.ar\/argentina\/wp-json\/wp\/v2\/types\/post"}],"author":[{"embeddable":true,"href":"http:\/\/argentinamunicipal.com.ar\/argentina\/wp-json\/wp\/v2\/users\/2"}],"replies":[{"embeddable":true,"href":"http:\/\/argentinamunicipal.com.ar\/argentina\/wp-json\/wp\/v2\/comments?post=103309"}],"version-history":[{"count":0,"href":"http:\/\/argentinamunicipal.com.ar\/argentina\/wp-json\/wp\/v2\/posts\/103309\/revisions"}],"wp:featuredmedia":[{"embeddable":true,"href":"http:\/\/argentinamunicipal.com.ar\/argentina\/wp-json\/wp\/v2\/media\/103310"}],"wp:attachment":[{"href":"http:\/\/argentinamunicipal.com.ar\/argentina\/wp-json\/wp\/v2\/media?parent=103309"}],"wp:term":[{"taxonomy":"category","embeddable":true,"href":"http:\/\/argentinamunicipal.com.ar\/argentina\/wp-json\/wp\/v2\/categories?post=103309"},{"taxonomy":"post_tag","embeddable":true,"href":"http:\/\/argentinamunicipal.com.ar\/argentina\/wp-json\/wp\/v2\/tags?post=103309"}],"curies":[{"name":"wp","href":"https:\/\/api.w.org\/{rel}","templated":true}]}}