{"id":103323,"date":"2020-05-28T05:59:01","date_gmt":"2020-05-28T08:59:01","guid":{"rendered":"http:\/\/argentinamunicipal.com.ar\/argentina\/?p=103323"},"modified":"2020-05-27T20:02:21","modified_gmt":"2020-05-27T23:02:21","slug":"seis-decadas-del-taller-municipal-de-ceramica-artesanal-de-la-guardia","status":"publish","type":"post","link":"http:\/\/argentinamunicipal.com.ar\/argentina\/seis-decadas-del-taller-municipal-de-ceramica-artesanal-de-la-guardia\/","title":{"rendered":"Seis d\u00e9cadas del Taller Municipal de Cer\u00e1mica Artesanal de La Guardia"},"content":{"rendered":"<p>Este aniversario encuentra al Taller con una renovada energ\u00eda que busca profundizar y dar mayor visibilidad a un proyecto educativo y cultural fuertemente enlazado en nuestra identidad. Taller de la Guardia, Cer\u00e1micas del Litoral, es nuestra ciudad, nuestro barro, nuestro r\u00edo, nuestras manos, nuestra historia y nuestro presente. Es un modo de hacer, de aprender, de ense\u00f1ar y de compartir.<\/p>\n<p>En ese sentido, el secretario de Educaci\u00f3n y Cultura de la Municipalidad de Santa Fe, Paulo Ricci, destac\u00f3 en este nuevo aniversario, \u201cla mirada que tiene el Taller hacia toda la regi\u00f3n Litoral como un espacio cultural, hist\u00f3rico y antropol\u00f3gico que nos vincula con culturas regionales que se extienden desde el Paraguay hacia el sur, y tienen que ver con una tradici\u00f3n de trabajo, con esa materialidad tan particular que es la del barro y la cer\u00e1mica\u201d.<\/p>\n<p>Ricci explic\u00f3 que \u201cdesde esta gesti\u00f3n estamos impulsando un proceso de descentralizaci\u00f3n de la educaci\u00f3n y la cultura.\u00a0Este taller, ligado a un barrio muy particular de la zona de la costa, tiene por delante la tarea de conectarse con todos los otros barrios de Santa Fe. La Guardia, como taller de Cer\u00e1mica del Litoral, es muy importante para llevar ese lenguaje y esa materialidad, ese arte de trabajar un material tan particular que es el barro, a todos los otros barrios de la ciudad de Santa Fe\u201d, concluy\u00f3.<\/p>\n<p>Por su parte, Huaira Basaber, subsecretaria de Educaci\u00f3n y Cultura del Municipio, se expres\u00f3 en el marco de estos festejos y sostuvo que\u00a0\u201ces una escuela que hace al barrio de donde es y le da una impronta compartiendo costumbres, ya que el barrio tambi\u00e9n hizo y hace nacer la escuela\u201d. Adem\u00e1s, describi\u00f3 al espacio como \u201cuna escuela barrio y barro; una escuela r\u00edo y manos; una escuela de las personas que la hacen y la dejan crecer; un homenaje al tiempo artesanal de la costa y una manera de perderse en el tiempo de las manos y el agua; una escuela de fuego, humo y ramas; una escuela que enorgullece al litoral\u201d.<\/p>\n<p>Los comienzos<br \/>\nEn tiempos lejanos, antes de la llegada de los espa\u00f1oles, an\u00f3nimas manos de artesanos de estas tierras modelaron la arcilla que encontraban en la costa del r\u00edo, creando bellas representaciones pl\u00e1sticas donde lo decorativo se entrelazaba a lo utilitario. Con el devenir del tiempo, la continuidad de esas expresiones t\u00edpicas del Litoral se fue diluyendo hasta desaparecer casi por completo. En este sentido, los talleres artesanales transmiten estas t\u00e9cnicas para preservar el patrimonio tradicional de nuestros primeros artesanos.<\/p>\n<p>El 28 de mayo de 1960, el taller de cer\u00e1mica artesanal de La Guardia abri\u00f3 sus puertas por iniciativa de la Municipalidad de Santa Fe.\u00a0En una zona privilegiada por este recurso natural nacido del lecho del r\u00edo, la arcilla, iniciaba este proyecto que no s\u00f3lo buscaba revitalizar la pr\u00e1ctica de un arte popular \u00edntimamente consustanciado con la realidad de su medio natural y geogr\u00e1fico sino transformar este saber en un modo de subsistencia para la gente del lugar.<\/p>\n<p>Juliana Fr\u00edas, su actual directora, mencion\u00f3 que \u201ceste taller naci\u00f3 exclusivamente para la gente de la zona, pensando en la continuidad de una tradici\u00f3n cer\u00e1mica lugare\u00f1a. Hab\u00eda otros emprendimientos que ten\u00edan que ver con el barro, con la materia prima, pero faltaba un espacio donde los j\u00f3venes y los ni\u00f1os pudieran trabajar creativamente\u201d.<\/p>\n<p>Al principio se realizaron piezas a mano que luego eran moldeadas para ser producidas en serie y vendidas en distintos puntos del pa\u00eds. As\u00ed surgi\u00f3 la t\u00edpica cer\u00e1mica zoomorfa negra y bru\u00f1ida que identificaba a nuestra ciudad y a nuestra regi\u00f3n. Se trabaj\u00f3 en forma intensa, evolucionando visualmente a trav\u00e9s del conocimiento y el dominio de las t\u00e9cnicas de preparaci\u00f3n de la arcilla local, del modelado, del pulido y la cocci\u00f3n. La orientaci\u00f3n de la producci\u00f3n, que buscaba un estilo regional, se inclin\u00f3 hacia una tem\u00e1tica enlazada con la realidad circundante, a trav\u00e9s de la reproducci\u00f3n de la fauna fluvial.<\/p>\n<p>Formaci\u00f3n y producci\u00f3n han sido los dos pilares fundamentales del taller municipal de cer\u00e1mica artesanal de La Guardia. M\u00e1s de un centenar de ni\u00f1os, j\u00f3venes y adultos se preparan en el oficio de la producci\u00f3n de artesan\u00edas cer\u00e1micas tradicionales, aprenden acerca del reconocimiento de la materia prima adecuada y de los antipl\u00e1sticos necesarios, el buen amasado y el perfeccionamiento en el modelado de las formas.<\/p>\n<p>Los alumnos investigan y difunden la cer\u00e1mica prehist\u00f3rica arqueol\u00f3gica del lugar. Observan, estudian y experimentan las t\u00e9cnicas de fabricaci\u00f3n utilizadas. Obtienen y preparan la materia prima, modelan a mano por la t\u00e9cnica de rollos, preparan sus propios engobes sobre la base de tierras locales, confeccionan gran parte de las herramientas para la decoraci\u00f3n de las piezas y practican la cocci\u00f3n. Producen formas que identifican el acervo cultural de la zona y son destinadas a la exposici\u00f3n en el Museo de Cer\u00e1mica Regional y a la venta.<\/p>\n<p>En este sentido, Fr\u00edas record\u00f3 que a partir de 2000, el taller se vincul\u00f3 con el Museo Etnogr\u00e1fico y Colonial \u201cJuan de Garay\u201d y se comenzaron a investigar y a estudiar las piezas cer\u00e1micas de los primeros artesanos de la regi\u00f3n: \u201cQue nuestros alumnos pudieran llegar al museo, tocar esos fragmentos y pensar en generar otras piezas para dar continuidad a esa tradici\u00f3n que se hab\u00eda perdido en el tiempo es muy importante\u201d, expres\u00f3. Y agreg\u00f3 que esa relaci\u00f3n dio origen a las piezas que hoy forman parte del patrimonio del Museo de Cer\u00e1mica Regional \u201cAlfredo D\u2019Aur\u00eda\u201d. El camino recorrido por el Taller a lo largo de su historia hace que las producciones sean \u201cmuy identitarias y representen realmente la cer\u00e1mica santafesina, la cer\u00e1mica litorale\u00f1a\u201d, seg\u00fan se\u00f1al\u00f3.<\/p>\n<p>Fr\u00edas tambi\u00e9n destac\u00f3 el valor de \u00abinstalar este espacio en La Guardia, un barrio m\u00e1s de Santa Fe, pero muy alejado de la ciudad, en un momento en el que los chicos y los j\u00f3venes no ten\u00edan acceso al trabajo del arte y la artesan\u00eda\u201d, y agreg\u00f3 que era \u201cun espacio donde adem\u00e1s de aprender un oficio, se pudiera cultivar la pasi\u00f3n y el amor por piezas \u00fanicas, bellas, inspiradas en el entorno del lugar, en la fauna y la flora ribere\u00f1a. Actualmente, muchos vienen desde barrios alejados o desde otras ciudades a formarse en este oficio. Se trata de lo p\u00fablico al servicio de la gente del lugar, y al servicio del arte y del oficio, de la artesan\u00eda nuestra y de continuar una identidad regional\u201d, concluy\u00f3.<\/p>\n<p>Es importante destacar la colaboraci\u00f3n que se recibe desde 2008 por parte de los Amigos del Taller Municipal de Cer\u00e1mica Artesanal La Guardia, que colaboran con las tareas y la difusi\u00f3n de la actividad.<\/p>\n<p>Cecilia Cavaglia expres\u00f3 lo que muchos alumnos encuentran en La Guardia: \u00abManos m\u00e1gicas, maestros artistas muy generosos que transmiten su conocimiento de una manera cuidada y responsable. Me encontr\u00e9 con un r\u00edo al que no hab\u00eda visto bien de cerca, con conocimientos nuevos, constantes y continuos. Descubr\u00ed que La Guardia es la guardiana de la cultura de la regi\u00f3n. Conoc\u00ed compa\u00f1eros entra\u00f1ables; qu\u00e9 m\u00e1s que agradecer la oportunidad que me ha dado este lugar de descubrir en m\u00ed una pasi\u00f3n que no sab\u00eda que ten\u00eda\u00bb.<\/p>\n<p>Cer\u00e1micas del Litoral, el momento presente<br \/>\nBasaber expres\u00f3 que \u201ccomo desarrollo de las pedagog\u00edas culturales, La Guardia tiene la posibilidad de profundizar y visibilizarse como una experiencia educativa en s\u00ed misma, y como una acci\u00f3n cultural ya que comprende muchos aspectos integrales que no s\u00f3lo est\u00e1n relacionados al arte sino a las culturas que nos antecedieron, a las formas creativas de actualizar esa matriz hist\u00f3rica de nuestra cultura, de nuestros pueblos originarios y potenciar un desarrollo en la t\u00e9cnica que tambi\u00e9n tiene una especificidad vinculada a la mano que piensa, esto es, seguir trabajando desde la educaci\u00f3n y la cultura en juntar la forma y el contenido, en no tenerle miedo a los conceptos, a las ideas y a los pensamientos\u201d.<\/p>\n<p>Asimismo, la funcionaria sostuvo que \u201cla Guardia es un espacio educativo y un espacio de producci\u00f3n de una cer\u00e1mica que lleva en su matriz el paisaje, el r\u00edo y al mismo barrio. Esto la hace ser \u00fanica, en di\u00e1logo con ese espacio\u201d. Y agreg\u00f3 que desde la gesti\u00f3n \u201cse busca poner en valor un m\u00e1ximo bien cultural de nuestra ciudad que es el barro y las manos que durante todos estos a\u00f1os han moldeado y tambi\u00e9n han recolectado, en tiempos de cosecha, la arcilla necesaria para hacer una cer\u00e1mica \u00fanica en Santa Fe y en el pa\u00eds, espec\u00edfica y personalizada\u201d.<\/p>\n<p>En relaci\u00f3n a la educaci\u00f3n y la cultura, Basaber afirm\u00f3 que \u201csi no desarrollamos contenidos que nos puedan hacer pensar, algo lo va a hacer por nosotros. Seguramente la educaci\u00f3n se modificar\u00e1 durante este tiempo que estamos viviendo, pero tenemos el gran desaf\u00edo de que no nos gane la imposibilidad de seguir pensando y profundizando. Y que tenga posibilidad de acceder al conocimiento la mayor cantidad de personas, porque el conocimiento permite transformar la realidad de cada uno\u201d.<\/p>\n<h6>Fuente. Sin Mordaza<\/h6>\n","protected":false},"excerpt":{"rendered":"<p>Este aniversario encuentra al Taller con una renovada energ\u00eda que busca profundizar y dar mayor visibilidad a un proyecto educativo y cultural fuertemente enlazado en nuestra identidad<\/p>\n","protected":false},"author":2,"featured_media":103324,"comment_status":"closed","ping_status":"closed","sticky":false,"template":"","format":"standard","meta":{"footnotes":""},"categories":[47],"tags":[10],"class_list":["post-103323","post","type-post","status-publish","format-standard","has-post-thumbnail","hentry","category-fiestas","tag-santa-fe"],"_links":{"self":[{"href":"http:\/\/argentinamunicipal.com.ar\/argentina\/wp-json\/wp\/v2\/posts\/103323","targetHints":{"allow":["GET"]}}],"collection":[{"href":"http:\/\/argentinamunicipal.com.ar\/argentina\/wp-json\/wp\/v2\/posts"}],"about":[{"href":"http:\/\/argentinamunicipal.com.ar\/argentina\/wp-json\/wp\/v2\/types\/post"}],"author":[{"embeddable":true,"href":"http:\/\/argentinamunicipal.com.ar\/argentina\/wp-json\/wp\/v2\/users\/2"}],"replies":[{"embeddable":true,"href":"http:\/\/argentinamunicipal.com.ar\/argentina\/wp-json\/wp\/v2\/comments?post=103323"}],"version-history":[{"count":0,"href":"http:\/\/argentinamunicipal.com.ar\/argentina\/wp-json\/wp\/v2\/posts\/103323\/revisions"}],"wp:featuredmedia":[{"embeddable":true,"href":"http:\/\/argentinamunicipal.com.ar\/argentina\/wp-json\/wp\/v2\/media\/103324"}],"wp:attachment":[{"href":"http:\/\/argentinamunicipal.com.ar\/argentina\/wp-json\/wp\/v2\/media?parent=103323"}],"wp:term":[{"taxonomy":"category","embeddable":true,"href":"http:\/\/argentinamunicipal.com.ar\/argentina\/wp-json\/wp\/v2\/categories?post=103323"},{"taxonomy":"post_tag","embeddable":true,"href":"http:\/\/argentinamunicipal.com.ar\/argentina\/wp-json\/wp\/v2\/tags?post=103323"}],"curies":[{"name":"wp","href":"https:\/\/api.w.org\/{rel}","templated":true}]}}