{"id":103393,"date":"2020-05-29T07:51:52","date_gmt":"2020-05-29T10:51:52","guid":{"rendered":"http:\/\/argentinamunicipal.com.ar\/argentina\/?p=103393"},"modified":"2020-05-29T07:51:52","modified_gmt":"2020-05-29T10:51:52","slug":"el-gobernador-de-santa-fe-acordo-un-fondo-solidario-para-micro-y-pequenas-empresas","status":"publish","type":"post","link":"http:\/\/argentinamunicipal.com.ar\/argentina\/el-gobernador-de-santa-fe-acordo-un-fondo-solidario-para-micro-y-pequenas-empresas\/","title":{"rendered":"El gobernador de Santa Fe acord\u00f3 un fondo solidario para micro y peque\u00f1as empresas"},"content":{"rendered":"<p>\u00abHay que estar cerca de los que menos tienen y esto es tender una mano como lo hacemos hoy\u00bb, dijo el gobernador tras firmar el convenio.<\/p>\n<p>El gobernador Omar Perotti firm\u00f3 ayer un convenio para la creaci\u00f3n de un fondo solidario de asistencia a micro y peque\u00f1as empresas, cuyas actividades fueron afectadas por la emergencia sanitaria. Estar\u00e1 conformado con aportes de la provincia, del Inaes y de entidades mutualistas, las cuales ser\u00e1n encargadas de canalizar la administraci\u00f3n a efectos de otorgar las ayudas econ\u00f3micas con un inter\u00e9s nominal de hasta 24 por ciento anual y en un plazo de amortizaci\u00f3n de hasta 15 meses, con tres de gracia incluidos.<\/p>\n<p>\u00abHay que estar cerca de los que menos tienen y la posibilidad de estar cerca hoy es tender una mano como lo estamos haciendo\u00bb, dijo el m\u00e1ximo mandatario santafesino tras rubricar el convenio junto al presidente del directorio del Instituto Nacional de Asociativismo y Econom\u00eda Social (Inaes), Mario Cafiero, y las federaciones de Entidades Mutualistas de la provincia de Santa Fe.<\/p>\n<p>Durante el acto en el Sal\u00f3n Blanco de Casa de Gobierno, Perotti afirm\u00f3: \u00abQueremos sumarnos en un momento dif\u00edcil lo m\u00e1s r\u00e1pidamente con esta disponibilidad en cada una de las localidades, en la distribuci\u00f3n territorial de cada una de las mutuales\u00bb. A continuaci\u00f3n agreg\u00f3: \u00abVamos a tener que reconstruir a la Argentina y a la provincia\u00bb.<\/p>\n<p>\u00abTodo el esfuerzo que estamos haciendo es para que el protocolo de salud se cumpla, y vamos a hacer lo mismo para recuperar a nuestra provincia con la producci\u00f3n y el trabajo\u00bb, se\u00f1al\u00f3 el gobernador.<\/p>\n<p>\u00abDebemos enfrentar la adversidad juntos, acompa\u00f1\u00e1ndonos en la construcci\u00f3n de recursos y cerca de cada uno de estos emprendedores, de los peque\u00f1os comercios, empresas gastron\u00f3micas y cooperativas de trabajos que tanto lo necesitan y lo esperan, va a ser el germen que nos permitir\u00e1 acompa\u00f1ar a otros procesos\u00bb, concluy\u00f3.<\/p>\n<p>Por su parte, el ministro de la Producci\u00f3n, Daniel Costamagna, explic\u00f3 que \u00abeste convenio suma al proyecto de las asociaciones y agencias para el desarrollo, con el que se gener\u00f3 un fondo de 125 millones de pesos que posibilita atender y acompa\u00f1ar a los comerciantes, a las micropymes y a muchos que tienen oficios y que se vieron en una situaci\u00f3n muy compleja en estos \u00faltimos meses\u00bb.<\/p>\n<p>En la provincia de Santa Fe hay 850 mutuales, 300 que prestan servicios de ayuda econ\u00f3mica, y est\u00e1n ubicadas en 144 localidades, generando casi 11.000 puestos de trabajo. En relaci\u00f3n a esto, Costamagna dijo que \u00ablos 300 millones que se van a destinar para acompa\u00f1ar a estos sectores, son con una taza de inter\u00e9s realmente muy buena en este contexto, con 3 meses de gracia, con 12 meses m\u00e1s de amortizaci\u00f3n, una taza al 24 por ciento y una suma m\u00e1xima de 150 mil pesos\u00bb.<\/p>\n<p>Para finalizar, Mario Cafiero (presidente del directorio del Inaes) indic\u00f3: \u00abEs muy importante este convenio porque marca un camino de solidaridad que tenemos en la provincia, una realidad hist\u00f3rica, arraigada en su cultura, que la constituyen el mutualismo y el cooperativismo. Sunchales es la capital del cooperativismo y Rosario la del mutualismo nacional. Es evidente que la historia santafesina est\u00e1 absolutamente presente\u00bb.<\/p>\n<h6>Fuente: La Capital<\/h6>\n","protected":false},"excerpt":{"rendered":"<p>\u00abHay que estar cerca de los que menos tienen y esto es tender una mano como lo hacemos hoy\u00bb, dijo el gobernador tras firmar el convenio.<\/p>\n","protected":false},"author":2,"featured_media":103394,"comment_status":"closed","ping_status":"closed","sticky":false,"template":"","format":"standard","meta":{"footnotes":""},"categories":[5],"tags":[10],"class_list":["post-103393","post","type-post","status-publish","format-standard","has-post-thumbnail","hentry","category-informe-economico","tag-santa-fe"],"_links":{"self":[{"href":"http:\/\/argentinamunicipal.com.ar\/argentina\/wp-json\/wp\/v2\/posts\/103393","targetHints":{"allow":["GET"]}}],"collection":[{"href":"http:\/\/argentinamunicipal.com.ar\/argentina\/wp-json\/wp\/v2\/posts"}],"about":[{"href":"http:\/\/argentinamunicipal.com.ar\/argentina\/wp-json\/wp\/v2\/types\/post"}],"author":[{"embeddable":true,"href":"http:\/\/argentinamunicipal.com.ar\/argentina\/wp-json\/wp\/v2\/users\/2"}],"replies":[{"embeddable":true,"href":"http:\/\/argentinamunicipal.com.ar\/argentina\/wp-json\/wp\/v2\/comments?post=103393"}],"version-history":[{"count":0,"href":"http:\/\/argentinamunicipal.com.ar\/argentina\/wp-json\/wp\/v2\/posts\/103393\/revisions"}],"wp:featuredmedia":[{"embeddable":true,"href":"http:\/\/argentinamunicipal.com.ar\/argentina\/wp-json\/wp\/v2\/media\/103394"}],"wp:attachment":[{"href":"http:\/\/argentinamunicipal.com.ar\/argentina\/wp-json\/wp\/v2\/media?parent=103393"}],"wp:term":[{"taxonomy":"category","embeddable":true,"href":"http:\/\/argentinamunicipal.com.ar\/argentina\/wp-json\/wp\/v2\/categories?post=103393"},{"taxonomy":"post_tag","embeddable":true,"href":"http:\/\/argentinamunicipal.com.ar\/argentina\/wp-json\/wp\/v2\/tags?post=103393"}],"curies":[{"name":"wp","href":"https:\/\/api.w.org\/{rel}","templated":true}]}}