{"id":103408,"date":"2020-05-29T08:17:36","date_gmt":"2020-05-29T11:17:36","guid":{"rendered":"http:\/\/argentinamunicipal.com.ar\/argentina\/?p=103408"},"modified":"2020-05-29T08:17:36","modified_gmt":"2020-05-29T11:17:36","slug":"santa-fe-jaton-queremos-una-solucion-de-fondo-para-el-transporte","status":"publish","type":"post","link":"http:\/\/argentinamunicipal.com.ar\/argentina\/santa-fe-jaton-queremos-una-solucion-de-fondo-para-el-transporte\/","title":{"rendered":"Santa Fe: Jat\u00f3n, \u00abQueremos una soluci\u00f3n de fondo para el transporte\u00bb"},"content":{"rendered":"<p>El intendente de Santa Fe reuni\u00f3 a sus pares de otras localidades y a empresarios del sector para reclamar una salida al conflicto del transporte p\u00fablico de pasajeros.<\/p>\n<p>El intendente de Santa Fe, Emilio Jat\u00f3n, mantuvo una videoconferencia con sus pares de otras importantes ciudades argentinas y con representantes de Fatap (Federaci\u00f3n Argentina de Transportadores de Automotor de Pasajeros) para analizar la situaci\u00f3n de cada zona y exigir, en conjunto, una soluci\u00f3n de fondo al problema del transporte urbano de pasajeros.<\/p>\n<p>\u201cEsta es una mesa de trabajo que sigue creciendo porque son muchas las localidades que enfrentan las mismas dificultades que Santa Fe, como consecuencia de un sistema nacional de subsidios que es injusto\u201d, expres\u00f3 Jat\u00f3n al cierre del encuentro y agreg\u00f3: \u201cHoy se sumaron los intendentes de Salta y Tucum\u00e1n pero tambi\u00e9n los representantes de la Fatap porque entendemos que el camino lo tenemos que encontrar entre todos\u201d.<\/p>\n<p>Durante el encuentro se abordaron, principalmente, las diferencias que existen entre las acciones que se llevan adelante en \u00e1rea metropolitana de Buenos Aires y el resto del pa\u00eds, donde en la mayor\u00eda de las jurisdicciones se llevan 18 d\u00edas de paro. Y, en ese sentido, fue importante que a la mesa de intendentes se sumaran los representantes de las empresas que pudieron brindar otros datos y precisiones sobre el estado del servicio y las desigualdades.<\/p>\n<p>\u201cNecesitamos una respuesta r\u00e1pida de Naci\u00f3n pero no nos sirve que sea s\u00f3lo para salvar este momento, queremos pensar una soluci\u00f3n de fondo, que ponga el eje en la distribuci\u00f3n de los subsidios y permita que todos los argentinos tengan el mismo derecho a un servicio accesible y de calidad\u201d, remarc\u00f3 el intendente santafesino y cont\u00f3 que, junto a los otros mandatarios municipales, acordaron continuar trabajando en una agenda conjunta sobre el tema.<\/p>\n<p>Del encuentro participaron, tambi\u00e9n, los intendentes Pablo Javkin (de Rosario), Mart\u00edn Llaryora (de C\u00f3rdoba), Gustavo Gennuso (Bariloche), Ad\u00e1n Bahl (Paran\u00e1), Bettina Romero (Salta) y Germ\u00e1n Alfaro (Tucum\u00e1n). Por parte de la Fatap estuvieron el presidente Jos\u00e9 Cano e los integrantes de la comisi\u00f3n directiva Marcelo Lifting, Gustavo Ingaramo, Gustavo Larrea y Juan Carlos Romero.<\/p>\n<h6>\nFuente: El Litoral<\/h6>\n","protected":false},"excerpt":{"rendered":"<p>El intendente de Santa Fe reuni\u00f3 a sus pares de otras localidades y a empresarios del sector para reclamar una salida al conflicto del transporte p\u00fablico de pasajeros.<\/p>\n","protected":false},"author":2,"featured_media":103409,"comment_status":"closed","ping_status":"closed","sticky":false,"template":"","format":"standard","meta":{"footnotes":""},"categories":[4],"tags":[10],"class_list":["post-103408","post","type-post","status-publish","format-standard","has-post-thumbnail","hentry","category-informe-politico","tag-santa-fe"],"_links":{"self":[{"href":"http:\/\/argentinamunicipal.com.ar\/argentina\/wp-json\/wp\/v2\/posts\/103408","targetHints":{"allow":["GET"]}}],"collection":[{"href":"http:\/\/argentinamunicipal.com.ar\/argentina\/wp-json\/wp\/v2\/posts"}],"about":[{"href":"http:\/\/argentinamunicipal.com.ar\/argentina\/wp-json\/wp\/v2\/types\/post"}],"author":[{"embeddable":true,"href":"http:\/\/argentinamunicipal.com.ar\/argentina\/wp-json\/wp\/v2\/users\/2"}],"replies":[{"embeddable":true,"href":"http:\/\/argentinamunicipal.com.ar\/argentina\/wp-json\/wp\/v2\/comments?post=103408"}],"version-history":[{"count":0,"href":"http:\/\/argentinamunicipal.com.ar\/argentina\/wp-json\/wp\/v2\/posts\/103408\/revisions"}],"wp:featuredmedia":[{"embeddable":true,"href":"http:\/\/argentinamunicipal.com.ar\/argentina\/wp-json\/wp\/v2\/media\/103409"}],"wp:attachment":[{"href":"http:\/\/argentinamunicipal.com.ar\/argentina\/wp-json\/wp\/v2\/media?parent=103408"}],"wp:term":[{"taxonomy":"category","embeddable":true,"href":"http:\/\/argentinamunicipal.com.ar\/argentina\/wp-json\/wp\/v2\/categories?post=103408"},{"taxonomy":"post_tag","embeddable":true,"href":"http:\/\/argentinamunicipal.com.ar\/argentina\/wp-json\/wp\/v2\/tags?post=103408"}],"curies":[{"name":"wp","href":"https:\/\/api.w.org\/{rel}","templated":true}]}}