{"id":103574,"date":"2020-06-03T07:44:41","date_gmt":"2020-06-03T10:44:41","guid":{"rendered":"http:\/\/argentinamunicipal.com.ar\/argentina\/?p=103574"},"modified":"2020-06-03T07:44:41","modified_gmt":"2020-06-03T10:44:41","slug":"personas-en-situacion-de-calle-como-es-la-contencion-en-santa-fe-ante-el-covid-19-y-el-frio","status":"publish","type":"post","link":"http:\/\/argentinamunicipal.com.ar\/argentina\/personas-en-situacion-de-calle-como-es-la-contencion-en-santa-fe-ante-el-covid-19-y-el-frio\/","title":{"rendered":"Personas en situaci\u00f3n de calle: c\u00f3mo es la contenci\u00f3n en Santa Fe ante el Covid-19 y el fr\u00edo"},"content":{"rendered":"<p>El municipio dispuso de cuatro refugios para albergar a los ciudadanos sin hogar mientras dure la cuarentena. En paralelo, las organizaciones sociales alojan y entregan viandas a los m\u00e1s desprotegidos, adem\u00e1s abordan un trabajo integral frente a los consumos problem\u00e1ticos.<\/p>\n<p>Personas durmiendo en bancos de plazas o con sus colchones sobre veredas, una postal que se observa con frecuencia en muchos sectores de la ciudad. Cr\u00e9dito: Guillermo Di Salvatore<\/p>\n<p>La llegada de los primeros fr\u00edos del a\u00f1o hacen pensar de inmediato en las personas que no tienen una casa para dormir y deben hacerlo a la intemperie. Las im\u00e1genes matutinas de personas \u201cacurrucadas\u201d entre precarios colchones, frazadas y cartones, bajo el Puente Oro\u00f1o o frente a la Terminal de \u00d3mnibus \u2014por poner solo dos ejemplos de los varios espacios de la ciudad que son el lugar para pernoctar\u2014, son moneda corriente en Santa Fe.<\/p>\n<p>La necesidad de contenci\u00f3n de esta porci\u00f3n de poblaci\u00f3n, de la que siempre se desconoce la cifra exacta por el pendiente relevamiento, este a\u00f1o comenz\u00f3 con la emergencia sanitaria del Covid-19. El municipio desde el inicio del aislamiento social, preventivo y obligatorio abri\u00f3 unos cuatro refugios para alojar a las personas en situaci\u00f3n de calle y que puedan cumplir la cuarentena. \u201cSe prioriz\u00f3 abrir espacios dignos y se abrieron a partir del 23 de marzo. De los cuatro refugios son tres para varones y uno para mujeres\u201d, coment\u00f3 Mar\u00eda Victoria Rey, secretar\u00eda de Pol\u00edticas de Cuidados y Acci\u00f3n Social de la ciudad, en una entrevista El Litoral, y agreg\u00f3 que se articularon acciones con la Secretar\u00eda que lidera y la de Integraci\u00f3n y Econom\u00eda Social, \u201cse conformaron equipos para cada refugio, muy comprometidos con la problem\u00e1tica y la perspectiva de cuidados, para garantizar los derechos de las personas, sobre todo en estas circunstancias\u201d, resalt\u00f3.<\/p>\n<p>En relaci\u00f3n a la cantidad de personas alojadas en los refugios municipales, Rey indic\u00f3 que hay actualmente unas 30 personas, pero desde el inicio de la cuarentena hubo 70 admisiones. \u201cLo que pasa es que es una poblaci\u00f3n que de vivir en la calle pasa a convivir con un grupo de personas que no conoce. Igualmente desde los equipos de trabajadores sociales se trabaja con la familia o con alg\u00fan centro de d\u00eda, de hecho va fluctuando el n\u00famero de residentes porque muchas veces se logr\u00f3 una revinculaci\u00f3n con la familia o en algunos casos vuelven a sus ciudades, ya que ten\u00edamos alojadas personas de otras partes del pa\u00eds\u201d, detall\u00f3.<\/p>\n<p><strong>El acompa\u00f1amiento<\/strong><\/p>\n<p>Puertas adentro de los refugios se desarrollan actividades recreativas, culturales y talleres. \u201cEn algunos lugares los mismos residentes se ofrecieron a hacer el mantenimiento de los refugios en los que est\u00e1n alojados\u201d, valor\u00f3 la funcionaria y destac\u00f3: \u201cApuntamos a generar una pol\u00edtica para el abordaje de la situaci\u00f3n de calle, construyendo sobre la base del di\u00e1logo con las instituciones que trabajan esta problem\u00e1tica, pero con un car\u00e1cter y dimensi\u00f3n del cuidado\u201d.<\/p>\n<p>Al ser consultada sobre qu\u00e9 suceder\u00e1 con esta poblaci\u00f3n luego de la cuarentena, Rey respondi\u00f3: \u201cEstamos pensando en generar una pol\u00edtica a mediano plazo con todos los actores que trabajan en la problem\u00e1tica. Sabemos que es algo que no vamos a poder revertir completamente, pero queremos un abordaje lo m\u00e1s integral posible para el acompa\u00f1amiento de las personas. Hoy trabajanos en emergencia y en el marco de brindar un refugio para el invierno, por eso la importancia de garantizar la alimentaci\u00f3n saludable\u201d, y agreg\u00f3: \u201cDe levantarse la cuarentena vamos a seguir con los refugios nocturnos, para acompa\u00f1arlos tanto en la emergencia sanitaria como en el invierno. El municipio lejos est\u00e1 de desentenderse de la situaci\u00f3n\u201d.<\/p>\n<p><strong>Encuentro con organizaciones<\/strong><\/p>\n<p>\u201cTuvimos una reuni\u00f3n con la Municipalidad para hablar de c\u00f3mo venimos trabajando en el marco de la pandemia y plantear inquietudes para saber realmente qui\u00e9n es la referencia. Cuando empez\u00f3 la pandemia recibimos una ayuda de la cervecer\u00eda, gestionada por la Municipalidad y despu\u00e9s de 20 d\u00edas la ayuda se retir\u00f3 sin previo aviso y para ese entonces la demanda que ten\u00edamos era grand\u00edsima\u201d, critic\u00f3 Gabriela Campins, referente de la Casita de Luj\u00e1n. En esta l\u00ednea Irina Teper, coordinadora de la Red Puentes, dijo en referencia al encuentro con los funcionarios municipales: \u201cPodemos llegar a acuerdos te\u00f3ricos y pol\u00edticos, pero no en lo concreto. Nos parece importante dejar de discutir por el paquete de harina y de arroz, eso no construye ninguna pol\u00edtica p\u00fablica. Las organizaciones sociales y eclesi\u00e1sticas, que laburamos con situaci\u00f3n de calle, entendemos que hay un contenido de inexperiencia que tenemos nosotras en laburar esto y que podemos hacer mucho m\u00e1s de forma articulada y coordinada con el Estado que pueda hacer m\u00e1s rica la pol\u00edtica\u201d.<\/p>\n<p>La secretar\u00eda de Pol\u00edticas de Cuidados y Acci\u00f3n Social, quien tambi\u00e9n particip\u00f3 del encuentro, dio su punto de vista: \u201cHablamos de pensar una pol\u00edtica p\u00fablica a mediano y largo plazo. Puntualmente se est\u00e1 trabajando en la continuidad de la asistencia alimentaria y dem\u00e1s ayuda para los residentes. Quiz\u00e1s las organizaciones requieran otro tipo de acompa\u00f1amiento, lo que est\u00e1 en di\u00e1logo permanente\u201d.<\/p>\n<p>CONTACTO<br \/>\nEn caso de encontrar personas en situaci\u00f3n de calle, los santafesinos pueden comunicarse al 0800-777-5000 (atenci\u00f3n ciudadana del municipio), para que act\u00faen los equipos interdisciplinarios y puedan ser ayudados.<\/p>\n<p>En relaci\u00f3n a la cantidad de personas alojadas en los refugios municipales, Rey indic\u00f3 que hay actualmente unas 30 personas, pero desde el inicio de la cuarentena hubo 70 admisiones.<\/p>\n<h6>Fuente: El Litoral<\/h6>\n","protected":false},"excerpt":{"rendered":"<p>El municipio dispuso de cuatro refugios para albergar a los ciudadanos sin hogar mientras dure la cuarentena. En paralelo, las organizaciones sociales alojan y entregan viandas a los m\u00e1s desprotegidos<\/p>\n","protected":false},"author":2,"featured_media":103575,"comment_status":"closed","ping_status":"closed","sticky":false,"template":"","format":"standard","meta":{"footnotes":""},"categories":[2],"tags":[10],"class_list":["post-103574","post","type-post","status-publish","format-standard","has-post-thumbnail","hentry","category-informe-municipal","tag-santa-fe"],"_links":{"self":[{"href":"http:\/\/argentinamunicipal.com.ar\/argentina\/wp-json\/wp\/v2\/posts\/103574","targetHints":{"allow":["GET"]}}],"collection":[{"href":"http:\/\/argentinamunicipal.com.ar\/argentina\/wp-json\/wp\/v2\/posts"}],"about":[{"href":"http:\/\/argentinamunicipal.com.ar\/argentina\/wp-json\/wp\/v2\/types\/post"}],"author":[{"embeddable":true,"href":"http:\/\/argentinamunicipal.com.ar\/argentina\/wp-json\/wp\/v2\/users\/2"}],"replies":[{"embeddable":true,"href":"http:\/\/argentinamunicipal.com.ar\/argentina\/wp-json\/wp\/v2\/comments?post=103574"}],"version-history":[{"count":0,"href":"http:\/\/argentinamunicipal.com.ar\/argentina\/wp-json\/wp\/v2\/posts\/103574\/revisions"}],"wp:featuredmedia":[{"embeddable":true,"href":"http:\/\/argentinamunicipal.com.ar\/argentina\/wp-json\/wp\/v2\/media\/103575"}],"wp:attachment":[{"href":"http:\/\/argentinamunicipal.com.ar\/argentina\/wp-json\/wp\/v2\/media?parent=103574"}],"wp:term":[{"taxonomy":"category","embeddable":true,"href":"http:\/\/argentinamunicipal.com.ar\/argentina\/wp-json\/wp\/v2\/categories?post=103574"},{"taxonomy":"post_tag","embeddable":true,"href":"http:\/\/argentinamunicipal.com.ar\/argentina\/wp-json\/wp\/v2\/tags?post=103574"}],"curies":[{"name":"wp","href":"https:\/\/api.w.org\/{rel}","templated":true}]}}