{"id":103580,"date":"2020-06-03T07:50:36","date_gmt":"2020-06-03T10:50:36","guid":{"rendered":"http:\/\/argentinamunicipal.com.ar\/argentina\/?p=103580"},"modified":"2020-06-03T07:50:36","modified_gmt":"2020-06-03T10:50:36","slug":"llegaran-dos-programas-nacionales-para-generar-mano-de-obra-santafesina","status":"publish","type":"post","link":"http:\/\/argentinamunicipal.com.ar\/argentina\/llegaran-dos-programas-nacionales-para-generar-mano-de-obra-santafesina\/","title":{"rendered":"Llegar\u00e1n dos programas nacionales para generar mano de obra santafesina"},"content":{"rendered":"<p>\u00abEstos programas nos van a poder dar una muy buena respuesta para el trabajo, la construcci\u00f3n de viviendas, pero tambi\u00e9n para la mejora de la infraestructura para las organizaciones sociales\u201d, sostuvo el gobernador al adherir a dos programas del Ministerio de Desarrollo Territorial y H\u00e1bitat.<\/p>\n<p>El gobernador Omar Perotti y el presidente de la Naci\u00f3n, Alberto Fern\u00e1ndez, junto a la ministra de Desarrollo Territorial y H\u00e1bitat de la Naci\u00f3n, Mar\u00eda Eugenia Bielsa, firmaron este martes un acuerdo de colaboraci\u00f3n. Es para el desarrollo en la provincia de dos planes de esa cartera. Se trata del Programa Federal Argentina Construye, y el Programa Federal Argentina Construye Solidaria.<\/p>\n<p>Esto permitir\u00e1 aunar esfuerzos a fin de lograr el mejoramiento de las condiciones de h\u00e1bitat de los santafesinos. Y el desarrollo de la producci\u00f3n y del trabajo. Seg\u00fan fuentes oficiales confiaron a Sin Mordaza, se contempla\u00a0la\u00a0mano de obra de 27 mil empleos directos. Mientras que afectar\u00eda de buena manera a 30 mil trabajadores indirectos en la provincia de Santa Fe.<\/p>\n<p><strong>Buen momento<\/strong><br \/>\n\u201cEsto viene en el momento oportuno\u201d, afirm\u00f3 Perotti y continu\u00f3: \u201cNuestra provincia estaba muy mal en infraestructura y equipamiento en salud p\u00fablica. Hoy hemos crecido m\u00e1s del 100% gracias a la ayuda de Naci\u00f3n con los respiradores. Estamos mejorando y vamos a estar mejor preparados que hace dos meses\u201d.<\/p>\n<p>\u201cEstos programas nos va a poder dar una muy buena respuesta para el trabajo y la posibilidad real de que all\u00ed se construya algo mejor\u201d, finaliz\u00f3 el gobernador.<\/p>\n<p><strong>Los programas<\/strong><br \/>\nEn este sentido, las l\u00edneas de trabajo de ambos programas se destinan al mejoramiento de las sedes de las organizaciones comunitarias. A la construcci\u00f3n de vivienda, mejoramientos, ampliaci\u00f3n, instalaci\u00f3n de red de gas natural. Tambi\u00e9n a desarrollo de n\u00facleos sanitarios y conexiones domiciliarias a la infraestructura p\u00fablica para las viviendas, lotes con servicios, equipamientos comunitarios y completamientos barriales, con el objeto de mejorar las condiciones del h\u00e1bitat.<\/p>\n<p><strong>Dinamizar la construcci\u00f3n<\/strong><br \/>\nEl Programa Federal Argentina Construye\u00a0es un programa de inversi\u00f3n p\u00fablica destinado a responder a la emergencia socio econ\u00f3mica producto de la pandemia de Covid.\u00a0Busca atender al d\u00e9ficit habitacional en todo el pa\u00eds, dinamizando la obra p\u00fablica y privada. Y\u00a0a todas las industrias relacionadas con la construcci\u00f3n, que son a su vez generadoras de empleo y producci\u00f3n.<\/p>\n<p>Este Programa propone diez l\u00edneas de trabajo a ser implementadas en coordinaci\u00f3n con provincias, municipios y la Ciudad Aut\u00f3noma de Buenos Aires, a trav\u00e9s de pol\u00edticas de h\u00e1bitat destinadas a hogares deficitarios, a organizaciones comunitarias, al desarrollo territorial y a la infraestructura b\u00e1sica.<\/p>\n<p><strong>Argentina construye solidaria<\/strong><br \/>\nMientras, el Programa Federal Argentina Construye Solidaria tiene como objetivo el otorgamiento de subsidios para la compra de materiales destinados a la refacci\u00f3n de los espacios f\u00edsicos de organizaciones no gubernamentales, asociaciones civiles, fundaciones, cooperativas o mutuales y entidades eclesi\u00e1sticas reconocidas oficialmente.<\/p>\n<p>Estas entidades, instituciones y organizaciones no deben haber recibido un subsidio de caracter\u00edsticas an\u00e1logas al presente, y sus actividades deben estar vinculadas a la asistencia barrial y comunitaria, la asistencia en la alimentaci\u00f3n, la educaci\u00f3n, la salud, el medioambiente, la cultura, la inclusi\u00f3n de las personas con discapacidad, el acceso a la tierra, la vivienda y el h\u00e1bitat, el desarrollo local, la econom\u00eda social y solidaria, la promoci\u00f3n y protecci\u00f3n de la identidad de g\u00e9nero y diversidad y la preservaci\u00f3n de las identidades culturales ind\u00edgenas.<\/p>\n<p>Del evento, que se desarroll\u00f3 en la Casa Rosada, participaron tambi\u00e9n el ministro del Interior, Eduardo de Pedro; los gobernadores de Buenos Aires y Entre Rios, Axel Kiciloff y Gustavo Bordet; y la ministra de Infraestructura, Servicios P\u00fablicos y H\u00e1bitat de Santa Fe, Silvina Frana.<\/p>\n<h6>Fuente: Sin MOrdaza<\/h6>\n","protected":false},"excerpt":{"rendered":"<p>\u00abEstos programas nos van a poder dar una muy buena respuesta para el trabajo, la construcci\u00f3n de viviendas, pero tambi\u00e9n para la mejora de la infraestructura para las organizaciones sociales\u201d<\/p>\n","protected":false},"author":2,"featured_media":103581,"comment_status":"closed","ping_status":"closed","sticky":false,"template":"","format":"standard","meta":{"footnotes":""},"categories":[2],"tags":[10],"class_list":["post-103580","post","type-post","status-publish","format-standard","has-post-thumbnail","hentry","category-informe-municipal","tag-santa-fe"],"_links":{"self":[{"href":"http:\/\/argentinamunicipal.com.ar\/argentina\/wp-json\/wp\/v2\/posts\/103580","targetHints":{"allow":["GET"]}}],"collection":[{"href":"http:\/\/argentinamunicipal.com.ar\/argentina\/wp-json\/wp\/v2\/posts"}],"about":[{"href":"http:\/\/argentinamunicipal.com.ar\/argentina\/wp-json\/wp\/v2\/types\/post"}],"author":[{"embeddable":true,"href":"http:\/\/argentinamunicipal.com.ar\/argentina\/wp-json\/wp\/v2\/users\/2"}],"replies":[{"embeddable":true,"href":"http:\/\/argentinamunicipal.com.ar\/argentina\/wp-json\/wp\/v2\/comments?post=103580"}],"version-history":[{"count":0,"href":"http:\/\/argentinamunicipal.com.ar\/argentina\/wp-json\/wp\/v2\/posts\/103580\/revisions"}],"wp:featuredmedia":[{"embeddable":true,"href":"http:\/\/argentinamunicipal.com.ar\/argentina\/wp-json\/wp\/v2\/media\/103581"}],"wp:attachment":[{"href":"http:\/\/argentinamunicipal.com.ar\/argentina\/wp-json\/wp\/v2\/media?parent=103580"}],"wp:term":[{"taxonomy":"category","embeddable":true,"href":"http:\/\/argentinamunicipal.com.ar\/argentina\/wp-json\/wp\/v2\/categories?post=103580"},{"taxonomy":"post_tag","embeddable":true,"href":"http:\/\/argentinamunicipal.com.ar\/argentina\/wp-json\/wp\/v2\/tags?post=103580"}],"curies":[{"name":"wp","href":"https:\/\/api.w.org\/{rel}","templated":true}]}}