{"id":103641,"date":"2020-06-04T07:48:14","date_gmt":"2020-06-04T10:48:14","guid":{"rendered":"http:\/\/argentinamunicipal.com.ar\/argentina\/?p=103641"},"modified":"2020-06-04T07:48:14","modified_gmt":"2020-06-04T10:48:14","slug":"ocho-localidades-del-sur-santafesino-planifican-la-separacion-de-residuos","status":"publish","type":"post","link":"http:\/\/argentinamunicipal.com.ar\/argentina\/ocho-localidades-del-sur-santafesino-planifican-la-separacion-de-residuos\/","title":{"rendered":"Ocho localidades del sur santafesino planifican la separaci\u00f3n de residuos"},"content":{"rendered":"<p>El proyecto apunta a dividir los residuos en origen para reducir el volumen, proteger el medio ambiente y cuidar la salud de los vecinos.<\/p>\n<p>Un grupo de ocho localidades del sur santafesino prev\u00e9 instrumentar un plan conjunto de separaci\u00f3n en origen de residuos s\u00f3lidos urbanos para reducir los vol\u00famenes de basura, proteger el medio ambiente y cuidar la salud de los vecinos.<\/p>\n<p>Estas localidades son\u00a0Firmat, Cafferata, Ca\u00f1ada del Ucle (departamento General L\u00f3pez), Cha\u00f1ar Ladeado, Berabev\u00fa, Los Quirquinchos, Godeken y Villada (Caseros), quienes integran el Consorcio Girsu de la Micro\u00a0Regi\u00f3n\u00a05 A, cuya finalidad es la gesti\u00f3n de residuos s\u00f3lidos.<\/p>\n<p>Tras la construcci\u00f3n de la planta de tratamiento y disposici\u00f3n final que est\u00e1 a punto de ponerse en marcha en Firmat, ahora el consorcio impuls\u00f3 un proyecto de ordenanza com\u00fan para avanzar con la separaci\u00f3n en origen y as\u00ed bajar la cantidad de desechos que llegar\u00e1n al predio.<\/p>\n<p>Ello posibilitar\u00eda en un a\u00f1o el reciclado de 300 toneladas de papel y cart\u00f3n, y 70 de pl\u00e1sticos, lo que representar\u00eda evitar el talado de 5 mil \u00e1rboles, ahorrar m\u00e1s de 80 millones de litros de agua y 35 toneladas de petr\u00f3leo bruto.<\/p>\n<p>As\u00ed lo indic\u00f3 el municipio firmatense a trav\u00e9s de un comunicado en el que resalta que el consorcio trabaja desde el \u00abconcepto moderno de econom\u00eda circular, que apunta a reducir al m\u00ednimo los impactos en el medioambiente y generar inclusi\u00f3n social a trav\u00e9s del empleo\u00bb.<\/p>\n<p>Asimismo, destaca que \u00abeste proyecto no ser\u00eda posible sin el apoyo de las distintas instituciones, espacios, y grupos de voluntarios de las localidades que integran el consorcio, tales como los ecoclubes Patrullambiental y Ecovida de Cha\u00f1ar Ladeado\u00bb.<\/p>\n<p>En esa direcci\u00f3n indica que \u00abel objetivo final es lograr que la ley de basura cero pueda cumplirse en forma integral y sea una realidad en todas las localidades\u00bb que forman parte de la iniciativa.<\/p>\n<p>El parte destaca que lo proyectado \u00abva en sinton\u00eda con la inminente puesta en marcha de la planta de tratamiento de residuos s\u00f3lidos urbanos de Firmat, que es posible gracias a un arduo trabajo en equipo\u00bb.<\/p>\n<p>Cabe recordar que paralelamente a ello tambi\u00e9n el denominado Consorcio de Gesti\u00f3n de Residuos S\u00f3lidos Urbanos de la Micro Regi\u00f3n 5 A posibilit\u00f3 la llegada a la zona de otros proyectos ambientales como, por ejemplo, un vivero regional que funciona en Godeken.<\/p>\n<p>Y a la vez, entre otras acciones, numerosas empresas de la regi\u00f3n se capacitaron para promover la producci\u00f3n sustentable y al mismo tiempo mejorar su competitividad en el marco del programa \u00abProducci\u00f3n m\u00e1s Limpia\u00bb.<\/p>\n<p>Tambi\u00e9n se realiz\u00f3 un relevamiento a recolectores de residuos de la regi\u00f3n y se detectaron demandas de capacitaci\u00f3n en compostaje, vivero y cocina sustentable, las que se llevaron adelante a cargo de profesionales en los distintos temas.<\/p>\n<h6>Fuente: La Capital<\/h6>\n","protected":false},"excerpt":{"rendered":"<p>El proyecto apunta a dividir los residuos en origen para reducir el volumen, proteger el medio ambiente y cuidar la salud de los vecinos.<\/p>\n","protected":false},"author":2,"featured_media":103642,"comment_status":"closed","ping_status":"closed","sticky":false,"template":"","format":"standard","meta":{"footnotes":""},"categories":[2],"tags":[10],"class_list":["post-103641","post","type-post","status-publish","format-standard","has-post-thumbnail","hentry","category-informe-municipal","tag-santa-fe"],"_links":{"self":[{"href":"http:\/\/argentinamunicipal.com.ar\/argentina\/wp-json\/wp\/v2\/posts\/103641","targetHints":{"allow":["GET"]}}],"collection":[{"href":"http:\/\/argentinamunicipal.com.ar\/argentina\/wp-json\/wp\/v2\/posts"}],"about":[{"href":"http:\/\/argentinamunicipal.com.ar\/argentina\/wp-json\/wp\/v2\/types\/post"}],"author":[{"embeddable":true,"href":"http:\/\/argentinamunicipal.com.ar\/argentina\/wp-json\/wp\/v2\/users\/2"}],"replies":[{"embeddable":true,"href":"http:\/\/argentinamunicipal.com.ar\/argentina\/wp-json\/wp\/v2\/comments?post=103641"}],"version-history":[{"count":0,"href":"http:\/\/argentinamunicipal.com.ar\/argentina\/wp-json\/wp\/v2\/posts\/103641\/revisions"}],"wp:featuredmedia":[{"embeddable":true,"href":"http:\/\/argentinamunicipal.com.ar\/argentina\/wp-json\/wp\/v2\/media\/103642"}],"wp:attachment":[{"href":"http:\/\/argentinamunicipal.com.ar\/argentina\/wp-json\/wp\/v2\/media?parent=103641"}],"wp:term":[{"taxonomy":"category","embeddable":true,"href":"http:\/\/argentinamunicipal.com.ar\/argentina\/wp-json\/wp\/v2\/categories?post=103641"},{"taxonomy":"post_tag","embeddable":true,"href":"http:\/\/argentinamunicipal.com.ar\/argentina\/wp-json\/wp\/v2\/tags?post=103641"}],"curies":[{"name":"wp","href":"https:\/\/api.w.org\/{rel}","templated":true}]}}