{"id":103794,"date":"2020-06-09T06:37:28","date_gmt":"2020-06-09T09:37:28","guid":{"rendered":"http:\/\/argentinamunicipal.com.ar\/argentina\/?p=103794"},"modified":"2020-06-09T06:37:28","modified_gmt":"2020-06-09T09:37:28","slug":"sale-a-la-cancha-comuna-argentina-un-grupo-de-intelectuales-que-buscan-generar-una-nueva-imaginacion-democratica","status":"publish","type":"post","link":"http:\/\/argentinamunicipal.com.ar\/argentina\/sale-a-la-cancha-comuna-argentina-un-grupo-de-intelectuales-que-buscan-generar-una-nueva-imaginacion-democratica\/","title":{"rendered":"Sale a la cancha Comuna Argentina, un grupo de intelectuales que buscan generar una nueva \u201cimaginaci\u00f3n democr\u00e1tica\u201d"},"content":{"rendered":"<p>\u201cNuestro interlocutor es especialmente el gobierno nacional, a quien interpelamos cr\u00edticamente\u201d, remarc\u00f3 Rocco Carbone, fil\u00f3sofo, docente, investigador del Conicet, uno de los integrantes del flamante colectivo que empuj\u00f3 su surgimiento desde un primer momento.<\/p>\n<p>Con un llamado a generar una\u00a0nueva \u201cimaginaci\u00f3n democr\u00e1tica\u201d\u00a0que\u00a0ayude\u00a0a la \u201creconstrucci\u00f3n de un Estado que pueda recuperar su autonom\u00eda ante poderes econ\u00f3micos y pol\u00edticos\u201d para poner su \u201ccapacidad de intervenci\u00f3n en el cuidado y preservaci\u00f3n de la vida de todos los seres que lo componen\u201d,\u00a0lleg\u00f3 a la escena pol\u00edtica\u00a0p\u00fablica\u00a0Comuna Argentina, un\u00a0colectivo de intelectuales que busca recuperar la tradici\u00f3n de debate de Carta Abierta, pero pensado desde el lugar de la cr\u00edtica.<\/p>\n<p>\u201cNuestro interlocutor es especialmente el gobierno nacional, a quien interpelamos cr\u00edticamente\u201d, remarc\u00f3 Rocco Carbone, fil\u00f3sofo, docente, investigador del Conicet, uno de los integrantes del flamante colectivo que empuj\u00f3 su surgimiento desde un primer momento. Los primeros cruces sucedieron antes de que la pandemia de coronavirus suspendiera la posibilidad de verse y debatir cara a cara, pero no se detuvieron tras la imposibilidad de encontrarse y charlar. Los debates comenzaron a tomar forma y calor a trav\u00e9s de Zoom, una del pu\u00f1ado de plataformas digitales que, desde que rige el aislamiento. Facilitan encuentros, charlas, festejos de cumplea\u00f1os y reuniones laborales.<\/p>\n<p>Sucedieron seis o siete hasta que estuvo listo el documento con el que Comuna Argentina inaugura su participaci\u00f3n en la escena p\u00fablica y que est\u00e1 abrazado por una veintena de intelectuales, docentes y militantes de todo el pa\u00eds. Dora Barrancos inaugura el listado de adhesiones. Le siguen Jorge Alem\u00e1n, Mercedes Barros, Atilio Bor\u00f3n, Stella Calloni, Ricard Forster, Nuria Giniger y Alberto Kornblihtt, entre otros y otras. La idea, no obstante, es mantener las puertas abiertas para poder ampliar \u201ctanto cualitativa como cuantitativamente\u201d el espacio. Especialmente aguardan el contacto e intercambio con los espacios organizados del trabajo, con experiencias de lucha gremiales y con el movimiento feminista y antipatriarcal.<\/p>\n<p>\u201cQueremos ser verdaderamente un colectivo, no una vanguardia iluminada, queremos incidir en la opini\u00f3n p\u00fablica y en los debates hacia el interior del Estado\u201d, aclar\u00f3\u00a0Alexia Massholder, docente de Filosof\u00eda e Historia de la UBA, investigadora de Conicet y directora del centro de estudios del Partido Comunista.\u00a0Carbone complet\u00f3: \u201cLa idea no es bajar l\u00ednea, sino pensar por qu\u00e9 l\u00ednea se sigue\u201d. Quien se interese en la iniciativa, puede comunciarse con el colectivo a\u00a0comunaargentina@gmail.com\u00a0.<\/p>\n<p>El\u00a0Manifiesto liminar para una Nueva Imaginaci\u00f3n Democr\u00e1tica\u00a0\u00a0insiste en lo \u201cnecesario y urgente (de) abrir un espacio de discusi\u00f3n democr\u00e1tica sobre los grandes dramas que atraviesan la Argentina\u201d: desde la cuesti\u00f3n de la deuda y la precarizaci\u00f3n laboral hasta los modos de producci\u00f3n y consumo dominante pasando por la educaci\u00f3n, las ciencias y las artes, las desigualdades de clase, raza y g\u00e9nero, entre otras.<\/p>\n<p>Y se lo abre, ya que en el mismo texto los y las integrantes de Comuna Argentina abogan por una \u201cdemocracia radical\u201d que \u201csignifica igualdad, libertad, felicidad, relaciones arm\u00f3nicas con la naturaleza y la comunidad, el quiebre definitivo de las explotaciones\u201d en la que \u201cel pueblo participa, administra, decide\u201d. \u201cAbogamos por una democracia libertaria, social, plebeya, plurinacional, republicana, hospitalaria, plural, feminista y antipatriarcal\u201d, sostienen.<\/p>\n<p>Adem\u00e1s, reclaman una reconstrucci\u00f3n del Estado que \u201cpueda recuperar su autonom\u00eda ante poderes econ\u00f3micos y pol\u00edticos. Con capacidad de intervenci\u00f3n en el cuidado y preservaci\u00f3n de la vida de todos los seres que lo componen, pero tambi\u00e9n que pueda ser atravesado por las fuerzas m\u00e1s vitales y democr\u00e1ticas de la sociedad\u201d.<\/p>\n<p>Comuna Argentina, dice Carbone, \u201crecupera muchas tradiciones intelectuales y pol\u00edtico militantes: la nacional popular, el peronismo de izquierda, emancipador, y una cultura comunista\u201d, pero, por sobre todo, con una cuota de nostalgia hacia aquello que fue Carta Abierta. Durante los primeros meses del Gobierno de Fern\u00e1ndez, \u201cdiscut\u00edamos de a peque\u00f1os grupos la necesidad de cubrir cierta vacancia que hab\u00eda dejado el fin de Carta Abierta &#8211;que decidi\u00f3 culminar su funcionamiento colectivo a fines del a\u00f1o pasado&#8211;, no para reemplazar esa experiencia, s\u00ed para tomar de ella lo mejor\u201d, ampli\u00f3 Massholder.<\/p>\n<p><strong>\u00bfQu\u00e9 tomaron de Carta Abierta?<\/strong><br \/>\nLa intenci\u00f3n de \u201ccrear un espacio en donde diferentes enfoques y posturas ideol\u00f3gicas puedan pensar juntos temas que los atraviesan\u201d, respondi\u00f3. \u00bfQu\u00e9 tienen de diferente? El entrecruce generacional, pero sobre todo las aspiraciones a pensar y\u00a0debatir \u201cdesde el conflicto y no desde el consenso\u201d. Carta Abierta surgi\u00f3 en 2008 durante el conflicto con el sector agropecuario por las retenciones para respaldar al gobierno de Cristina Kirchner. En el caso de Comuna Argentina, todos los y las integrantes de Comuna Argentina se declararon en contra del gobierno de Mauricio Macri; de hecho, las ansias de \u201cno perder la energ\u00eda de la resistencia antimacrista\u201d fueron, en palabras de Carbone, una de las razones del surgimiento del grupo. Pero el espacio no naci\u00f3 enmarcado en el oficialismo, sino que intenta dialogar con el Ejecutivo de Alberto Fern\u00e1ndez \u201cdesde la cr\u00edtica y no desde el apoyo irrestricto. Lo miramos con mucha simpat\u00eda, de hecho creemos que es tambi\u00e9n, como nosotros, un producto de la resistencia al macrismo, pero al mismo tiempo apelamos a las mejores herramientas del pensamiento cr\u00edtico\u201d, puntualiz\u00f3 el fil\u00f3sofo.<\/p>\n<h6>Fuente: P\u00e1gina 12<\/h6>\n","protected":false},"excerpt":{"rendered":"<p>\u201cNuestro interlocutor es especialmente el gobierno nacional, a quien interpelamos cr\u00edticamente\u201d, remarc\u00f3 Rocco Carbone, fil\u00f3sofo, docente, investigador del Conicet, uno de los integrantes del flamante colectivo que empuj\u00f3 su surgimiento desde un primer momento.\u00a0<\/p>\n","protected":false},"author":2,"featured_media":103795,"comment_status":"closed","ping_status":"closed","sticky":false,"template":"","format":"standard","meta":{"footnotes":""},"categories":[8],"tags":[21],"class_list":["post-103794","post","type-post","status-publish","format-standard","has-post-thumbnail","hentry","category-informe-nacional","tag-argentina"],"_links":{"self":[{"href":"http:\/\/argentinamunicipal.com.ar\/argentina\/wp-json\/wp\/v2\/posts\/103794","targetHints":{"allow":["GET"]}}],"collection":[{"href":"http:\/\/argentinamunicipal.com.ar\/argentina\/wp-json\/wp\/v2\/posts"}],"about":[{"href":"http:\/\/argentinamunicipal.com.ar\/argentina\/wp-json\/wp\/v2\/types\/post"}],"author":[{"embeddable":true,"href":"http:\/\/argentinamunicipal.com.ar\/argentina\/wp-json\/wp\/v2\/users\/2"}],"replies":[{"embeddable":true,"href":"http:\/\/argentinamunicipal.com.ar\/argentina\/wp-json\/wp\/v2\/comments?post=103794"}],"version-history":[{"count":0,"href":"http:\/\/argentinamunicipal.com.ar\/argentina\/wp-json\/wp\/v2\/posts\/103794\/revisions"}],"wp:featuredmedia":[{"embeddable":true,"href":"http:\/\/argentinamunicipal.com.ar\/argentina\/wp-json\/wp\/v2\/media\/103795"}],"wp:attachment":[{"href":"http:\/\/argentinamunicipal.com.ar\/argentina\/wp-json\/wp\/v2\/media?parent=103794"}],"wp:term":[{"taxonomy":"category","embeddable":true,"href":"http:\/\/argentinamunicipal.com.ar\/argentina\/wp-json\/wp\/v2\/categories?post=103794"},{"taxonomy":"post_tag","embeddable":true,"href":"http:\/\/argentinamunicipal.com.ar\/argentina\/wp-json\/wp\/v2\/tags?post=103794"}],"curies":[{"name":"wp","href":"https:\/\/api.w.org\/{rel}","templated":true}]}}