{"id":103833,"date":"2020-06-09T07:31:39","date_gmt":"2020-06-09T10:31:39","guid":{"rendered":"http:\/\/argentinamunicipal.com.ar\/argentina\/?p=103833"},"modified":"2020-06-09T07:31:39","modified_gmt":"2020-06-09T10:31:39","slug":"ypf-agro-tendra-el-40-por-ciento-del-mercado-agroexportador","status":"publish","type":"post","link":"http:\/\/argentinamunicipal.com.ar\/argentina\/ypf-agro-tendra-el-40-por-ciento-del-mercado-agroexportador\/","title":{"rendered":"YPF Agro tendr\u00e1 el 40 por ciento del mercado agroexportador"},"content":{"rendered":"<p>El plan del Gobierno Nacional incluye tambi\u00e9n un costado financiero. Sostienen que ser\u00e1 el mayor actor del sector y que aportar\u00e1 divisas \u00absin especular con la liquidaci\u00f3n\u00bb.<\/p>\n<p>Todos los medios son buenos cuando son eficaces. Si bien la frase le pertenece a Sartre, el presidente Alberto Fern\u00e1ndez ayer le dio forma a una idea que, de prosperar, ser\u00e1 eficaz en conseguir varios objetivos con los que el mandatario lleg\u00f3 al poder. Uno de ellos, el rol del Estado como vector no s\u00f3lo de crecimiento, sino de desarrollo.<br \/>\nRealizado el anuncio de la intervenci\u00f3n que deber\u00e1 pasar por el Congreso, los ojos del mundo pasaron de la firma agroexportadora\u00a0Vicentin\u00a0a lPF, una\u00a0empresa de capital mixto. Ser\u00e1 la petrolera la encargada de gestionar los activos de Vicentin. En rigor, hay, en el anuncio, un doble movimiento.\u00a0Por un lado, el Gobierno clausura la posibilidad de que avance el deterioro financiero de la empresa santafesina.\u00a0Ubicada entre las diez agroexportadoras m\u00e1s importantes del pa\u00eds, entr\u00f3 en cesaci\u00f3n de pagos el 5 de diciembre \u00faltimo. Fue cuando no pudo hacer frente a obligaciones por cerca de 1.350 millones de d\u00f3lares, de los cuales una gran parte corresponde a cr\u00e9ditos otorgados por la banca p\u00fablica.Leer tambi\u00e9n\u00a0El Gobierno intervino la empresa Vicent\u00edn y mandar\u00e1 al Congreso proyecto de expropiaci\u00f3n<\/p>\n<p>Por otro, se canaliza una apuesta a\u00a0lograr un impacto positivo en t\u00e9rminos de actividad econ\u00f3mica, una mayor productividad agr\u00edcola. Adem\u00e1s apuntalar el volumen de exportaciones, mantenerse en un rol protag\u00f3nico en el mercado de los alimentos. Y a la vez, habilitar un reaseguro en t\u00e9rminos de ingreso de d\u00f3lares al pa\u00eds.<\/p>\n<p><strong>Firma de capital estatal mayoritario<\/strong><br \/>\nEl directorio de YPF se reunir\u00e1 hoy para tratar este \u00fanico punto.\u00a0El Gobierno quiere que\u00a0YPF Agro\u00a0sea, de ahora en m\u00e1s, no s\u00f3lo un actor fundamental en el mercado agroexportador, sino tambi\u00e9n una firma de capital estatal mayoritario. Una vez expropiados los activos, \u00e9stos ser\u00e1n aportados por el Estado a la constituci\u00f3n de YPF Agro S.A. Mientras que los bienes no expropiados ir\u00edan a un fideicomiso para la masa de acreedores del concurso. Por otro lado,\u00a0YPF formar\u00e1 la nueva sociedad con todos los activos de su divisi\u00f3n Agro. En \u00faltima instancia, en el Gobierno apuntan a crear, incluso, una nueva empresa de alimentos, que reemplazar\u00e1 a YPF Agro S.A. y que tendr\u00e1 rol protag\u00f3nico en ese mercado.<\/p>\n<p><strong>Cifras son elocuentes<\/strong><br \/>\nSe piensa que la sumatoria de ventas resultantes entre Vicentin e YPF Agro rondar\u00e1 las 10 millones de toneladas.\u00a0A la vez, permitir\u00e1 mantener la fuente de trabajo a 1.300 personas. Fuentes ligadas al Ministerio de Producci\u00f3n se\u00f1alaron tambi\u00e9n que el proyecto no s\u00f3lo permitir\u00e1 recuperar la deuda estatal, habr\u00e1 tambi\u00e9n un resguardo del patrimonio productivo, asistencia a productores regionales y expectativa de un crecimiento en las ventas.<\/p>\n<p>Como se dijo, no escapa tampoco a algunos efectos financieros. Se estima que la flamante empresa aportar\u00e1 divisas \u201csin especular con la liquidaci\u00f3n\u201d y que, en los hechos, se constituir\u00e1 como el mayor actor financiero del sector. A la vez,\u00a0las fuentes sostienen que se podr\u00e1n evitar acopios especulativos. En este sentido se\u00f1alan que a mayo de 2020 hab\u00eda 20 millones de toneladas equivalentes u$s4300 millones sin vender. A esto a\u00f1aden que en la Casa Rosada ven con buenos ojos la posibilidad de quitarle el rol protag\u00f3nico que hoy tienen las\u00a0empresas\u00a0trasnacionales en el sector. La mayor parte de los principales exportadores son firmas multinacionales o trasnacionales. Esto se traduce en una cuesti\u00f3n relevante que fue dicha anteriormente: los c\u00e1lculos hacen pensar que la empresa podr\u00eda participar con el 40% del mercado agroexportador, lo que la transformar\u00eda en una de las principales.<\/p>\n<p>El presidente Fern\u00e1ndez anunci\u00f3 que\u00a0Roberto Gabriel Delgado ser\u00e1 el nuevo interventor de Vicentin. Licenciado en Econom\u00eda Agropecuaria y doctor en Finanzas, Delgado fue, entre 2013 y 2015, durante el \u00faltimo mandato de Cristina Fern\u00e1ndez, secretario de Agricultura Ganader\u00eda y Pesca de la Naci\u00f3n. Desde 2016 hasta la actualidad cumpli\u00f3 el rol de director del Centro de Investigaci\u00f3n en Econom\u00eda y Prospectiva (CIEP) del Instituto Nacional Tecnol\u00f3gico Agropecuario (INTA).<\/p>\n<h6>Fuente: Sin Mordaza<\/h6>\n","protected":false},"excerpt":{"rendered":"<p>El plan del Gobierno Nacional incluye tambi\u00e9n un costado financiero. Sostienen que ser\u00e1 el mayor actor del sector y que aportar\u00e1 divisas \u00absin especular con la liquidaci\u00f3n\u00bb.<\/p>\n","protected":false},"author":2,"featured_media":103834,"comment_status":"closed","ping_status":"closed","sticky":false,"template":"","format":"standard","meta":{"footnotes":""},"categories":[8],"tags":[21],"class_list":["post-103833","post","type-post","status-publish","format-standard","has-post-thumbnail","hentry","category-informe-nacional","tag-argentina"],"_links":{"self":[{"href":"http:\/\/argentinamunicipal.com.ar\/argentina\/wp-json\/wp\/v2\/posts\/103833","targetHints":{"allow":["GET"]}}],"collection":[{"href":"http:\/\/argentinamunicipal.com.ar\/argentina\/wp-json\/wp\/v2\/posts"}],"about":[{"href":"http:\/\/argentinamunicipal.com.ar\/argentina\/wp-json\/wp\/v2\/types\/post"}],"author":[{"embeddable":true,"href":"http:\/\/argentinamunicipal.com.ar\/argentina\/wp-json\/wp\/v2\/users\/2"}],"replies":[{"embeddable":true,"href":"http:\/\/argentinamunicipal.com.ar\/argentina\/wp-json\/wp\/v2\/comments?post=103833"}],"version-history":[{"count":0,"href":"http:\/\/argentinamunicipal.com.ar\/argentina\/wp-json\/wp\/v2\/posts\/103833\/revisions"}],"wp:featuredmedia":[{"embeddable":true,"href":"http:\/\/argentinamunicipal.com.ar\/argentina\/wp-json\/wp\/v2\/media\/103834"}],"wp:attachment":[{"href":"http:\/\/argentinamunicipal.com.ar\/argentina\/wp-json\/wp\/v2\/media?parent=103833"}],"wp:term":[{"taxonomy":"category","embeddable":true,"href":"http:\/\/argentinamunicipal.com.ar\/argentina\/wp-json\/wp\/v2\/categories?post=103833"},{"taxonomy":"post_tag","embeddable":true,"href":"http:\/\/argentinamunicipal.com.ar\/argentina\/wp-json\/wp\/v2\/tags?post=103833"}],"curies":[{"name":"wp","href":"https:\/\/api.w.org\/{rel}","templated":true}]}}