{"id":103850,"date":"2020-06-10T06:53:39","date_gmt":"2020-06-10T09:53:39","guid":{"rendered":"http:\/\/argentinamunicipal.com.ar\/argentina\/?p=103850"},"modified":"2020-06-10T06:53:39","modified_gmt":"2020-06-10T09:53:39","slug":"malvinas-la-sociedad-no-se-olvida-del-reclamo-de-soberania","status":"publish","type":"post","link":"http:\/\/argentinamunicipal.com.ar\/argentina\/malvinas-la-sociedad-no-se-olvida-del-reclamo-de-soberania\/","title":{"rendered":"Malvinas: la sociedad no se olvida del reclamo de soberan\u00eda"},"content":{"rendered":"<p>\u00abHay pocos pa\u00edses en el mundo que despu\u00e9s de 187 a\u00f1os tienen una causa tan importante con un sentimiento que atraviesa a todo el pueblo. No es com\u00fan, en otras situaciones coloniales, ver una transmisi\u00f3n de generaci\u00f3n a generaci\u00f3n de una demanda que todav\u00eda est\u00e1 insatisfecha\u00bb, dijo a este diario el secretario de Malvinas, Ant\u00e1rtida y Atl\u00e1ntico Sur, Daniel Filmus.<\/p>\n<p>El reclamo por la soberan\u00eda de las Islas Malvinas est\u00e1 plenamente vigente en la opini\u00f3n p\u00fablica. Tres de cada cuatro ciudadanos del \u00c1rea Metropolitana de Buenos Aires (AMBA) coinciden que \u00abes importante que el gobierno argentino sostenga el firme reclamo sobre la soberan\u00eda en Malvinas para lograr avanzar en la negociaci\u00f3n pac\u00edfica con el Reino Unido\u00bb. Hay un 13,1 por ciento que considera que para la Argentina este reclamo no es importante.<\/p>\n<p>\u00abHay pocos pa\u00edses en el mundo que despu\u00e9s de 187 a\u00f1os tienen una causa tan importante con un sentimiento que atraviesa a todo el pueblo. No es com\u00fan, en otras situaciones coloniales, ver una transmisi\u00f3n de generaci\u00f3n a generaci\u00f3n de una demanda que todav\u00eda est\u00e1 insatisfecha\u00bb, dijo a este diario el secretario de Malvinas, Ant\u00e1rtida y Atl\u00e1ntico Sur de la Canciller\u00eda, Daniel Filmus.<\/p>\n<p>Estos datos surgen de un informe de la consultora Julio Aurelio &#8211; Aresco, al que accedi\u00f3\u00a0P\u00e1ginaI12.\u00a0El sondeo abarc\u00f3 2998 casos y se realiz\u00f3 en los primeros d\u00edas de junio mediante entrevistas a ciudadanos mayores de 16 a\u00f1os, que est\u00e1n en condiciones de votar, del AMBA.<\/p>\n<p>En cuanto al porcentaje que no reconoce al reclamo por la soberan\u00eda de las Islas como algo prioritario, Filmus remarc\u00f3 que esa cifra le pareci\u00f3 \u00abmuy baja\u00bb. \u00abLa idea de que no era relevante fue la que llev\u00f3 adelante el gobierno anterior. No plante\u00f3 el tema de Malvinas, como algo central. Hay una mirada de un sector al que no le preocupan los temas nacionales\u00bb.<\/p>\n<p>Sobre la actitud que tom\u00f3 el gobierno de Alberto Fern\u00e1ndez en el reclamo de soberan\u00eda,\u00a0solo el 9,7 por ciento dijo estar en desacuerdo. Mientras que hay un 66,9 por ciento que s\u00ed est\u00e1 de acuerdo (43,6 \u00abmuy de acuerdo\u00bb y 23,6 \u00abde acuerdo\u00bb).<\/p>\n<p>El principal consenso parece estar en que \u00abse pongan multas m\u00e1s severas y sanciones m\u00e1s severas a quienes extraigan ilegalmente sin autorizaci\u00f3n de Estado argentino recursos naturales\u00bb. El 87 por ciento cree que deber\u00eda ser as\u00ed, el 7,7 por ciento est\u00e1 en desacuerdo (solo el 1,8 est\u00e1 muy en desacuerdo) y el 5,3 por ciento respondi\u00f3 que no sabe.<\/p>\n<p>\u00abTodos los d\u00edas vemos en el Atl\u00e1ntico Sur, principalmente en la pesca, que hay intentos de pasar la milla 200 e introducirse en nuestro territorio\u00bb, dijo el titular de la Secretar\u00eda de Malvinas, y agreg\u00f3: \u00abPor primera vez este gobierno tuvo una pol\u00edtica activa y cre\u00f3 una mesa de cuatro ministerios, y se capturaron y se sancionaron a los pesqueros que fueron encontrados in fraganti\u00bb.<\/p>\n<p>En menor medida, el 64 por ciento quiere que el reclamo por la soberan\u00eda sea una pol\u00edtica de Estado y no dependa de los distintos gobiernos. Aunque el 12,9 por ciento remarc\u00f3 que estaba en desacuerdo. \u00a0Ante esto, Filmus dijo: \u00abLa necesidad de estas pol\u00edticas que superen la perspectiva de los gobiernos. La idea de crear un Consejo, que present\u00f3 Alberto Fern\u00e1ndez, que genere un desarrollo para que no nos ocurra lo qu\u00e9 pas\u00f3 estos \u00faltimos cuatro a\u00f1os, donde Argentina cedi\u00f3 aspectos fundamentales de la soberan\u00eda de los recursos naturales\u00bb.<\/p>\n<p>Otro de los datos que se desprenden del informe de la consultora Julio Aurelio &#8211; Aresco es la incidencia del tema Malvinas en los votantes del Frente de Todos. El 85 por ciento de los que votaron por Alberto Fern\u00e1ndez sostienen que \u00abes importante que el gobierno argentino sostenga el firme reclamo sobre la soberan\u00eda en Malvinas para lograr avanzar en la negociaci\u00f3n pac\u00edfica con el Reino Unido\u00bb. Aunque tambi\u00e9n esta cifra es alta en los votantes de otros partidos.<\/p>\n<p>\u00abHay actores que defienden la causa Malvinas en todas las fuerzas pol\u00edticas. El primer libro traducido al espa\u00f1ol sobre las islas lo hizo Alfredo Palacios que era socialista. Hoy es el aniversario 72\u00ba de la creaci\u00f3n de la Direcci\u00f3n de Malvinas. Hay un sentimiento en el radicalismo. Es una cuesti\u00f3n transversal de los partidos populares. Hay peque\u00f1os sectores conservadores que privilegian hacer buena letra frente al Reino Unido, no son m\u00e1s que el 10 por ciento\u00bb, se\u00f1al\u00f3 el ex ministro de Educaci\u00f3n.<\/p>\n<p>A su vez,\u00a0Filmus rescata la transversalidad del reclamo por la soberan\u00eda de las Islas en los distintos grupos etarios de la sociedad, y sostiene que esto se da por la educaci\u00f3n y porque \u00abMalvinas se respira en la calle\u00bb. \u00abEl educador juega un papel decisivo y fundamental. En los planes de estudio es obligatorio. Todos en la escuela aprendimos que las Malvinas son argentinas\u00bb, dijo el funcionario. Y subray\u00f3: \u00abEn cualquier pueblo de la Argentina ten\u00e9s la plaza, la calle Malvinas y los honores y homenajes a los que combatieron y dieron la vida en la guerra, los autos con las calcoman\u00edas, los tatuajes en los cuerpos. Malvinas se respira en la Argentina\u00bb.<\/p>\n<h6>Fuente: P\u00e1gina 12<\/h6>\n","protected":false},"excerpt":{"rendered":"<p>\u00abHay pocos pa\u00edses en el mundo que despu\u00e9s de 187 a\u00f1os tienen una causa tan importante con un sentimiento que atraviesa a todo el pueblo. No es com\u00fan, en otras situaciones coloniales, ver una transmisi\u00f3n de generaci\u00f3n a generaci\u00f3n de una demanda que todav\u00eda est\u00e1 insatisfecha\u00bb<\/p>\n","protected":false},"author":2,"featured_media":103851,"comment_status":"closed","ping_status":"closed","sticky":false,"template":"","format":"standard","meta":{"footnotes":""},"categories":[8],"tags":[21],"class_list":["post-103850","post","type-post","status-publish","format-standard","has-post-thumbnail","hentry","category-informe-nacional","tag-argentina"],"_links":{"self":[{"href":"http:\/\/argentinamunicipal.com.ar\/argentina\/wp-json\/wp\/v2\/posts\/103850","targetHints":{"allow":["GET"]}}],"collection":[{"href":"http:\/\/argentinamunicipal.com.ar\/argentina\/wp-json\/wp\/v2\/posts"}],"about":[{"href":"http:\/\/argentinamunicipal.com.ar\/argentina\/wp-json\/wp\/v2\/types\/post"}],"author":[{"embeddable":true,"href":"http:\/\/argentinamunicipal.com.ar\/argentina\/wp-json\/wp\/v2\/users\/2"}],"replies":[{"embeddable":true,"href":"http:\/\/argentinamunicipal.com.ar\/argentina\/wp-json\/wp\/v2\/comments?post=103850"}],"version-history":[{"count":0,"href":"http:\/\/argentinamunicipal.com.ar\/argentina\/wp-json\/wp\/v2\/posts\/103850\/revisions"}],"wp:featuredmedia":[{"embeddable":true,"href":"http:\/\/argentinamunicipal.com.ar\/argentina\/wp-json\/wp\/v2\/media\/103851"}],"wp:attachment":[{"href":"http:\/\/argentinamunicipal.com.ar\/argentina\/wp-json\/wp\/v2\/media?parent=103850"}],"wp:term":[{"taxonomy":"category","embeddable":true,"href":"http:\/\/argentinamunicipal.com.ar\/argentina\/wp-json\/wp\/v2\/categories?post=103850"},{"taxonomy":"post_tag","embeddable":true,"href":"http:\/\/argentinamunicipal.com.ar\/argentina\/wp-json\/wp\/v2\/tags?post=103850"}],"curies":[{"name":"wp","href":"https:\/\/api.w.org\/{rel}","templated":true}]}}