{"id":103856,"date":"2020-06-10T07:02:35","date_gmt":"2020-06-10T10:02:35","guid":{"rendered":"http:\/\/argentinamunicipal.com.ar\/argentina\/?p=103856"},"modified":"2020-06-10T07:02:35","modified_gmt":"2020-06-10T10:02:35","slug":"naciones-unidas-comprometio-su-apoyo-al-consejo-economico-y-social-que-propuso-el-presidente","status":"publish","type":"post","link":"http:\/\/argentinamunicipal.com.ar\/argentina\/naciones-unidas-comprometio-su-apoyo-al-consejo-economico-y-social-que-propuso-el-presidente\/","title":{"rendered":"Naciones Unidas comprometi\u00f3 su apoyo al Consejo Econ\u00f3mico y Social que propuso el Presidente"},"content":{"rendered":"<p>Alberto Fern\u00e1ndez se reuni\u00f3 esta ma\u00f1ana en Olivos con altos representantes del organismo que trabajan en el pa\u00eds. \u00abSu opini\u00f3n es bienvenida y va a ser un gran aporte para su constituci\u00f3n\u201c, les expres\u00f3 el mandatario.<\/p>\n<p>El presidente Alberto Fern\u00e1ndez recibi\u00f3 un \u00abfuerte apoyo\u00bb de las Naciones Unidas a su propuesta de conformar un Consejo Econ\u00f3mico y Social, que plantear\u00e1 las pol\u00edticas de desarrollo y crecimiento del pa\u00eds.<\/p>\n<p>Fern\u00e1ndez se reuni\u00f3 este martes en la residencia de Olivos con altos representantes de Naciones Unidas que trabajan en el pa\u00eds, quienes le manifestaron un\u00a0\u00abfuerte apoyo a su propuesta de formaci\u00f3n del Consejo Econ\u00f3mico y Social para el Desarrollo Argentino como instancia participativa y din\u00e1mica de intercambio entre los diversos sectores de la sociedad\u00bb, informaron a T\u00e9lam fuentes oficiales.<\/p>\n<p>\u201cEstamos en condiciones de poner en marcha pr\u00f3ximamente este Consejo Econ\u00f3mico y Social. Su opini\u00f3n es bienvenida y va a ser un gran aporte para su constituci\u00f3n\u201c, les expres\u00f3 el mandatario a los representantes.<\/p>\n<p>Participaron del encuentro el coordinador residente de las Naciones Unidas en Argentina, Roberto Valent; el director de la Oficina de la Organizaci\u00f3n Internacional del Trabajo (OIT) en el pa\u00eds, Pedro Furtado de Oliveira; y el representante local del Programa de las Naciones Unidas para el Desarrollo (PNUD), Ren\u00e9 Mauricio Vald\u00e9s.<\/p>\n<p>Tambi\u00e9n estuvieron el director de la Comisi\u00f3n Econ\u00f3mica para Am\u00e9rica Latina y el Caribe (CEPAL), Mart\u00edn Abeles; mientras que el subsecretario general de la ONU y director regional del PNUD, Luis Felipe L\u00f3pez Calva, estuvo presente mediante videoconferencia.<\/p>\n<p>Fern\u00e1ndez les \u00abagradeci\u00f3 la contribuci\u00f3n que los organismos internacionales realizan para avanzar hacia un desarrollo sostenible e inclusivo y, en particular, su aporte al dise\u00f1o de pol\u00edticas p\u00fablicas para dar respuesta\u00bb a los efectos de la propagaci\u00f3n del coronavirus.<\/p>\n<p>En el encuentro, los funcionarios analizaron posibilidades de cooperaci\u00f3n sobre los principales desaf\u00edos para el desarrollo del pa\u00eds en un escenario de post-pandemia.<\/p>\n<p>Asimismo, el jefe de Estado les agradeci\u00f3 por la tarea que realizan desde hace a\u00f1os en el pa\u00eds y, en especial, su trabajo en el contexto de la pandemia del coronavirus.<\/p>\n<p>\u00abEl apoyo y las recomendaciones que estas agencias aportaron durante la crisis sanitaria colaboraron con el dise\u00f1o de la respuesta por parte del Estado\u00bb, destac\u00f3 Fern\u00e1ndez, quien estuvo acompa\u00f1ado por el secretario de Asuntos Estrat\u00e9gicos, Gustavo B\u00e9liz.<\/p>\n<p>Seg\u00fan las fuentes, la OIT, el PNUD, la CEPAL y la ONU \u00abcomprometieron todos sus esfuerzos, y su extensa experiencia pr\u00e1ctica y t\u00e9cnica a nivel regional y global, para asistir al Gobierno nacional en el dise\u00f1o de un plan estrat\u00e9gico, basado en propuestas innovadoras, que siente las bases para definir el rumbo de una Argentina sostenible, din\u00e1mica e inclusiva en un escenario post-pandemia\u00bb.<\/p>\n<h6>Fuente: telam<\/h6>\n","protected":false},"excerpt":{"rendered":"<p>Alberto Fern\u00e1ndez se reuni\u00f3 esta ma\u00f1ana en Olivos con altos representantes del organismo que trabajan en el pa\u00eds. \u00abSu opini\u00f3n es bienvenida y va a ser un gran aporte para su constituci\u00f3n\u201c, les expres\u00f3 el mandatario.<\/p>\n","protected":false},"author":2,"featured_media":103857,"comment_status":"closed","ping_status":"closed","sticky":false,"template":"","format":"standard","meta":{"footnotes":""},"categories":[8],"tags":[21],"class_list":["post-103856","post","type-post","status-publish","format-standard","has-post-thumbnail","hentry","category-informe-nacional","tag-argentina"],"_links":{"self":[{"href":"http:\/\/argentinamunicipal.com.ar\/argentina\/wp-json\/wp\/v2\/posts\/103856","targetHints":{"allow":["GET"]}}],"collection":[{"href":"http:\/\/argentinamunicipal.com.ar\/argentina\/wp-json\/wp\/v2\/posts"}],"about":[{"href":"http:\/\/argentinamunicipal.com.ar\/argentina\/wp-json\/wp\/v2\/types\/post"}],"author":[{"embeddable":true,"href":"http:\/\/argentinamunicipal.com.ar\/argentina\/wp-json\/wp\/v2\/users\/2"}],"replies":[{"embeddable":true,"href":"http:\/\/argentinamunicipal.com.ar\/argentina\/wp-json\/wp\/v2\/comments?post=103856"}],"version-history":[{"count":0,"href":"http:\/\/argentinamunicipal.com.ar\/argentina\/wp-json\/wp\/v2\/posts\/103856\/revisions"}],"wp:featuredmedia":[{"embeddable":true,"href":"http:\/\/argentinamunicipal.com.ar\/argentina\/wp-json\/wp\/v2\/media\/103857"}],"wp:attachment":[{"href":"http:\/\/argentinamunicipal.com.ar\/argentina\/wp-json\/wp\/v2\/media?parent=103856"}],"wp:term":[{"taxonomy":"category","embeddable":true,"href":"http:\/\/argentinamunicipal.com.ar\/argentina\/wp-json\/wp\/v2\/categories?post=103856"},{"taxonomy":"post_tag","embeddable":true,"href":"http:\/\/argentinamunicipal.com.ar\/argentina\/wp-json\/wp\/v2\/tags?post=103856"}],"curies":[{"name":"wp","href":"https:\/\/api.w.org\/{rel}","templated":true}]}}