{"id":103859,"date":"2020-06-10T07:09:42","date_gmt":"2020-06-10T10:09:42","guid":{"rendered":"http:\/\/argentinamunicipal.com.ar\/argentina\/?p=103859"},"modified":"2020-06-10T07:09:42","modified_gmt":"2020-06-10T10:09:42","slug":"antes-de-la-pandemia-la-inseguridad-alimentaria-alcanzaba-a-cuatro-millones-de-ninos-y-adolescentes","status":"publish","type":"post","link":"http:\/\/argentinamunicipal.com.ar\/argentina\/antes-de-la-pandemia-la-inseguridad-alimentaria-alcanzaba-a-cuatro-millones-de-ninos-y-adolescentes\/","title":{"rendered":"Antes de la pandemia, la inseguridad alimentaria alcanzaba a cuatro millones de ni\u00f1os y adolescentes"},"content":{"rendered":"<p>As\u00ed se desprende del informe del Bar\u00f3metro de la Deuda Social de la Infancia de la Universidad Cat\u00f3lica Argentina (UCA).<\/p>\n<p>Casi 4 millones de ni\u00f1os, ni\u00f1as y adolescentes que habitan en zonas urbanas de la Argentina atravesaban, antes del inicio de la pandemia, situaciones de inseguridad alimentaria, lo que representaba un crecimiento del 48,3 por ciento de las infancias en esa condici\u00f3n en un per\u00edodo de tan solo cuatro a\u00f1os, seg\u00fan un informe del Bar\u00f3metro de la Deuda Social de la Infancia de la Universidad Cat\u00f3lica Argentina (UCA).<\/p>\n<p>As\u00ed, la cuarentena obligatoria sorprendi\u00f3 a las infancias y adolescencias en niveles r\u00e9cord de inseguridad alimentaria para los \u00faltimos 10 a\u00f1os -30.5%-, y, tambi\u00e9n con la mayor cobertura alimentaria gratuita, de la cual una buena parte era canalizada por comedores escolares.<\/p>\n<p>\u201cEstos datos representan la l\u00ednea de base con la que vamos a comparar los efectos de la cuarentena a nivel nacional en breve\u201d, dijo a T\u00e9lam la responsable del estudio \u201cCondiciones de vida de las Infancias Pre-pandemia COVID-19\u201d, Ianina Tu\u00f1\u00f3n.<\/p>\n<p>\u201cAdem\u00e1s, \u00e9sta es una encuesta que nos permite hablar de \u2018la generaci\u00f3n del bicentenario\u2019, es decir, hacer un seguimiento de los ni\u00f1os que nacieron en el 2010, buena parte de los cuales han crecido en condiciones de mucha vulnerabilidad\u201d, asegur\u00f3 Tu\u00f1\u00f3n sobre el informe elaborado con datos de la Encuesta de la Deuda Social entre 2010 y 2019.<\/p>\n<p>El estudio dado a conocer hoy revela que en 2019 volvi\u00f3 a subir la cantidad de ni\u00f1os, ni\u00f1as y adolescentes (NNyA) urbanos que vieron reducida su dieta por problemas econ\u00f3micos, aunque en una m\u00ednima expresi\u00f3n, despu\u00e9s del salto de casi 8 puntos porcentuales experimentado entre 2017 y 2018, con casi 900 mil ni\u00f1os y adolescentes adicionales afectados.<\/p>\n<p>As\u00ed, al final del a\u00f1o pasado, casi 4 millones de chicos urbanos de entre 0 y 17 a\u00f1os (30,5%) tuvieron problemas para alimentarse, contra los 2.639.000 millones que estaban en esa situaci\u00f3n en 2015, lo que implica un aumento del 48,3% en cuatro a\u00f1os.<\/p>\n<p>Pero mientras en 2019 la inseguridad alimentaria total trep\u00f3 s\u00f3lo un punto porcentual y la severa (pasar hambre) subi\u00f3 en medio punto \u2013de 13,5 a 14%-, la alimentaci\u00f3n gratuita en escuelas y comedores comunitarios (almuerzos, desayunos, copas de leche y viandas) tuvo un \u201ccrecimiento muy significativo\u201d, pues pas\u00f3 del 34,6 al 39,2% de cobertura en el mismo per\u00edodo, lo que implica que a fines del \u00faltimo a\u00f1o casi cuatro de cada 10 chicos completaban su dieta de esta forma.<\/p>\n<p>De la relaci\u00f3n entre estos dos indicadores surge que \u201cel incremento de esta cobertura alimentaria no fue suficiente para contener la crisis socioecon\u00f3mica\u201d.<\/p>\n<p>\u201cLa inseguridad alimentaria es un indicador que hab\u00eda sido muy estable a lo largo de toda la d\u00e9cada, pero que se increment\u00f3 significativamente en los \u00faltimos dos a\u00f1os con el aumento de la pobreza monetaria\u201d, dijo.<\/p>\n<p>Tomando nota de esta situaci\u00f3n, la nueva gesti\u00f3n asumida el 10 de diciembre \u201cinstala muy fuertemente\u201d este tema en su agenda y, de hecho, \u201cla Tarjeta Alimentar es la principal pol\u00edtica p\u00fablica con la que se inaugura el nuevo gobierno\u201d, cuyo objetivo \u201cno es s\u00f3lo erradicar la inseguridad alimentaria, sino mejorar la calidad de la alimentaci\u00f3n, particularmente de los chicos entre 0 y 6 a\u00f1os\u201d, dado que \u201cdespu\u00e9s entran a la escuela\u201d y ah\u00ed son beneficiarios de \u201cpol\u00edticas alimentarias directas\u201d, de acuerdo al estudio.<\/p>\n<p>De hecho, el reporte estima que casi el 55% de los chicos en edad de asistir a la primaria (5 a 12 a\u00f1os) estaba accediendo a alg\u00fan tipo de alimento gratuito, contra el 24,3 de los ni\u00f1os de entre 0 y 4 a\u00f1os.<\/p>\n<p>Y si bien \u00abla tarjeta Alimentar estaba bien orientada de acuerdo a la evidencia (estad\u00edstica) que manej\u00e1bamos\u00bb, no fue pensada para estos tiempos de pandemia, cuya irrupci\u00f3n hace que \u201cel contexto socioecon\u00f3mico actual sea mucho peor\u201d de lo previsto, \u00abdificultando la implementaci\u00f3n\u201d del programa, y haciendo que \u00abse quede corto en t\u00e9rminos de transferencia de ingresos\u00bb.<\/p>\n<p>\u201cPor supuesto que se han puesto en marcha otras pol\u00edticas, como el Ingreso Familiar de Emergencia, pero dif\u00edcilmente en el actual contexto hayamos podido disminuir la inseguridad alimentaria sino que seguramente es una problem\u00e1tica mucho m\u00e1s vigente a\u00fan que en 2019, porque adem\u00e1s hay nuevos sectores que est\u00e1n cayendo en la pobreza\u201d, dijo Tu\u00f1\u00f3n.<\/p>\n<p>Por otro lado, antes de la pandemia, la estad\u00edstica muestra que el 21,8% de los NNYA viv\u00eda hacinado y un porcentaje levemente superior lo hac\u00eda en viviendas precarias (23,9%), mientras que el 4,1% habita hogares con d\u00e9ficit de saneamiento, es decir, que no tienen agua corriente, inodoro con descarga o cloaca.<\/p>\n<p>Y si bien se vienen reduciendo sostenidamente este \u00faltimo grupo -con una disminuci\u00f3n entre puntas de 12,5 puntos porcentuales- esta problem\u00e1tica a\u00fan afecta al 55,2% de los chicos del gran Buenos Aires y el 33% de los que residen en las grandes ciudades del interior.<\/p>\n<p>\u201cLo que esta cuarentena ha revelado es c\u00f3mo las condiciones de habitabilidad son de mucha precariedad en t\u00e9rminos de aspectos b\u00e1sicos que se constituyen como claves para la prevenci\u00f3n del coronavirus, como el acceso a agua corriente y el hacinamiento\u201d, se\u00f1al\u00f3.<\/p>\n<p>Pero la convivencia de tres o m\u00e1s personas por cuarto habitable \u201ccobra otro significado\u201d para los NNyA en la cuarentena, porque \u201clas personas adultas que antes sal\u00edan a trabajar ahora est\u00e1n siempre dentro de la casa\u201d, vi\u00e9ndose los chicos expuestos a problemas adicionales para continuar su escolarizaci\u00f3n \u2013como la falta de \u201cconectividad\u201d, de equipos inform\u00e1ticos suficientes o del silencio necesario-.<\/p>\n<p>En materia del derecho a la salud, el estudio muestra un incremento de la poblaci\u00f3n de NNyA que dependen del servicio de salud estatal, que para fines de 2019 representaba casi el 56% de las poblaci\u00f3n entre 0 y 17.<\/p>\n<p>\u201cMuchos chicos han dejado de ser vacunados y han abandonado sus controles preventivos de la salud, con lo cual el nivel de demanda que va a tener los hospitales cuando la cuarentena se flexibilice va a ser alt\u00edsimo\u201d, concluy\u00f3.<\/p>\n<h6>Fuente: Telam<\/h6>\n","protected":false},"excerpt":{"rendered":"<p>As\u00ed se desprende del informe del Bar\u00f3metro de la Deuda Social de la Infancia de la Universidad Cat\u00f3lica Argentina (UCA).<\/p>\n<p>\u00a0<\/p>\n","protected":false},"author":2,"featured_media":103860,"comment_status":"closed","ping_status":"closed","sticky":false,"template":"","format":"standard","meta":{"footnotes":""},"categories":[8],"tags":[21],"class_list":["post-103859","post","type-post","status-publish","format-standard","has-post-thumbnail","hentry","category-informe-nacional","tag-argentina"],"_links":{"self":[{"href":"http:\/\/argentinamunicipal.com.ar\/argentina\/wp-json\/wp\/v2\/posts\/103859","targetHints":{"allow":["GET"]}}],"collection":[{"href":"http:\/\/argentinamunicipal.com.ar\/argentina\/wp-json\/wp\/v2\/posts"}],"about":[{"href":"http:\/\/argentinamunicipal.com.ar\/argentina\/wp-json\/wp\/v2\/types\/post"}],"author":[{"embeddable":true,"href":"http:\/\/argentinamunicipal.com.ar\/argentina\/wp-json\/wp\/v2\/users\/2"}],"replies":[{"embeddable":true,"href":"http:\/\/argentinamunicipal.com.ar\/argentina\/wp-json\/wp\/v2\/comments?post=103859"}],"version-history":[{"count":0,"href":"http:\/\/argentinamunicipal.com.ar\/argentina\/wp-json\/wp\/v2\/posts\/103859\/revisions"}],"wp:featuredmedia":[{"embeddable":true,"href":"http:\/\/argentinamunicipal.com.ar\/argentina\/wp-json\/wp\/v2\/media\/103860"}],"wp:attachment":[{"href":"http:\/\/argentinamunicipal.com.ar\/argentina\/wp-json\/wp\/v2\/media?parent=103859"}],"wp:term":[{"taxonomy":"category","embeddable":true,"href":"http:\/\/argentinamunicipal.com.ar\/argentina\/wp-json\/wp\/v2\/categories?post=103859"},{"taxonomy":"post_tag","embeddable":true,"href":"http:\/\/argentinamunicipal.com.ar\/argentina\/wp-json\/wp\/v2\/tags?post=103859"}],"curies":[{"name":"wp","href":"https:\/\/api.w.org\/{rel}","templated":true}]}}