{"id":1039,"date":"2014-02-14T23:21:24","date_gmt":"2014-02-15T02:21:24","guid":{"rendered":"http:\/\/argentinamunicipal.com.ar\/argentina\/?p=1039"},"modified":"2014-02-14T23:48:05","modified_gmt":"2014-02-15T02:48:05","slug":"gremios-de-la-federacion-municipal-bonaerense-pidieron-apoyo-al-intendente-de-quilmes","status":"publish","type":"post","link":"http:\/\/argentinamunicipal.com.ar\/argentina\/gremios-de-la-federacion-municipal-bonaerense-pidieron-apoyo-al-intendente-de-quilmes\/","title":{"rendered":"Municipales Bonaerenses piden paritarias"},"content":{"rendered":"<div id=\"attachment_1041\" style=\"width: 599px\" class=\"wp-caption aligncenter\"><a href=\"http:\/\/argentinamunicipal.com.ar\/argentina\/wp-content\/uploads\/2014\/02\/11921_3.jpg\"><img loading=\"lazy\" decoding=\"async\" aria-describedby=\"caption-attachment-1041\" class=\"size-full wp-image-1041\" alt=\"11921_3\" src=\"http:\/\/argentinamunicipal.com.ar\/argentina\/wp-content\/uploads\/2014\/02\/11921_3.jpg\" width=\"589\" height=\"353\" srcset=\"http:\/\/argentinamunicipal.com.ar\/argentina\/wp-content\/uploads\/2014\/02\/11921_3.jpg 589w, http:\/\/argentinamunicipal.com.ar\/argentina\/wp-content\/uploads\/2014\/02\/11921_3-300x179.jpg 300w\" sizes=\"auto, (max-width: 589px) 100vw, 589px\" \/><\/a><p id=\"caption-attachment-1041\" class=\"wp-caption-text\">\u00abNo es casualidad que estemos en Quilmes, una ciudad cuyo Intendente es dirigente gremial y paritario de su gremio; ser\u00eda una contradicci\u00f3n que el Intendente de Quilmes no est\u00e9 de acuerdo con la paritaria\u00bb, expres\u00f3 el titular de FESIMUBO.<\/p><\/div>\n<p>La Federaci\u00f3n de Sindicatos Bonaerense realiz\u00f3 en la sede local del gremio un acto para pedir la derogaci\u00f3n de la Ley 11.757. Tambi\u00e9n se reunieron con el intendente Guti\u00e9rrez.<\/p>\n<p>El Consejo Directivo de la Federaci\u00f3n de Sindicatos Municipales Bonaerense (FeSiMuBo), y dirigentes de una decena de sindicatos de la zona sur del gran Buenos Aires, realizaron ayer un importante plenario regional en la sede del gremio en Quilmes, donde manifestaron la necesidad de la derogaci\u00f3n de la ley que les impide ir a paritarias.<\/p>\n<p>Previamente se reunieron con el Intendente Francisco Guti\u00e9rrez y sumaron su apoyo para aprobar una nueva norma. El objetivo de la reuni\u00f3n de ayer fue definir el plan de lucha que se instrumentar\u00e1 a partir de marzo.<\/p>\n<p>Desde el gremio liderado por Rub\u00e9n \u00abCholo\u00bb Garc\u00eda se promueve la anulaci\u00f3n de una Ley 11.757 sancionada en los a\u00f1os 90.<\/p>\n<p>El sindicato de Quilmes se llen\u00f3 de municipales que se juntaron a escuchar al General de la FeSiMuBo, y titular de la Confederaci\u00f3n de Trabajadores Municipales de la Rep\u00fablica Argentina, y al referente local, Ra\u00fal \u00abRonco\u00bb M\u00e9ndez, quienes dieron las directivas de como se llevar\u00e1n a cabo los reclamos. Esta fue la primera de cuatro reuniones regionales que la Federaci\u00f3n realizar\u00e1, en distintos distritos.<\/p>\n<p>Desde la Federaci\u00f3n provincial que lidera el &#8216;Cholo&#8217; Garc\u00eda, se preparan para retomar las medidas de fuerza de no conseguir que la legislatura bonaerense anule la Ley 11.757 que a\u00fan mantiene precarizado a los trabajadores del sector.<\/p>\n<p>Adem\u00e1s exigen el tratamiento de sendos proyectos presentados en la legislatura provincial desde el a\u00f1o 1996 a esta parte, donde se promueve la sanci\u00f3n de una ley de Convenio Colectivo de Trabajo que instrumente las paritarias, entre otras reivindicaciones.<\/p>\n<p>Desde el sindicato tiene confianza en sumar los apoyos necesarios, tanto en la legislatura provincial como en el ejecutivo para poder conseguir una nueva norma, que los equipare con los dem\u00e1s gremios del estado.<\/p>\n<p>En este marco ayer se reunieron con el Intendente de Quilmes, Francisco \u00abBarba\u00bb Guti\u00e9rrez para pedirle su apoyo y el de la legisladora bonaerense, Evangelina Ramirez cuando el tema se trate en la C\u00e1mara de Diputados.<\/p>\n<p>De la reuni\u00f3n participaron el titular de la FeSiMuBo, Rub\u00e9n &#8216;Cholo&#8217; Garc\u00eda; miembros del Consejo Directivo provincial; y los secretarios Generales y Comisi\u00f3n Directiva de los sindicatos municipales de los distritos de: La Matanza; Avellaneda; Berazategui; Lomas de Zamora; Estaban Echeverr\u00eda; Lan\u00fas; Ensenada; La Plata; Brandsen; Ca\u00f1uelas; San Vicente; San Miguel del Monte y General Paz.<\/p>\n<h6>Fuente: Perspectiva Sur \/ El Sol<\/h6>\n","protected":false},"excerpt":{"rendered":"<p>La Federaci\u00f3n de Sindicatos Bonaerense realiz\u00f3 en la sede local del gremio un acto para pedir la derogaci\u00f3n de la Ley 11.757. Tambi\u00e9n se reunieron con el intendente Guti\u00e9rrez. El Consejo Directivo de la Federaci\u00f3n de Sindicatos Municipales Bonaerense (FeSiMuBo), y dirigentes de una decena de sindicatos de la zona sur del gran Buenos Aires,<\/p>\n","protected":false},"author":1,"featured_media":1041,"comment_status":"closed","ping_status":"closed","sticky":false,"template":"","format":"standard","meta":{"footnotes":""},"categories":[7],"tags":[12],"class_list":["post-1039","post","type-post","status-publish","format-standard","has-post-thumbnail","hentry","category-informe-sindical","tag-buenos-aires"],"_links":{"self":[{"href":"http:\/\/argentinamunicipal.com.ar\/argentina\/wp-json\/wp\/v2\/posts\/1039","targetHints":{"allow":["GET"]}}],"collection":[{"href":"http:\/\/argentinamunicipal.com.ar\/argentina\/wp-json\/wp\/v2\/posts"}],"about":[{"href":"http:\/\/argentinamunicipal.com.ar\/argentina\/wp-json\/wp\/v2\/types\/post"}],"author":[{"embeddable":true,"href":"http:\/\/argentinamunicipal.com.ar\/argentina\/wp-json\/wp\/v2\/users\/1"}],"replies":[{"embeddable":true,"href":"http:\/\/argentinamunicipal.com.ar\/argentina\/wp-json\/wp\/v2\/comments?post=1039"}],"version-history":[{"count":0,"href":"http:\/\/argentinamunicipal.com.ar\/argentina\/wp-json\/wp\/v2\/posts\/1039\/revisions"}],"wp:featuredmedia":[{"embeddable":true,"href":"http:\/\/argentinamunicipal.com.ar\/argentina\/wp-json\/wp\/v2\/media\/1041"}],"wp:attachment":[{"href":"http:\/\/argentinamunicipal.com.ar\/argentina\/wp-json\/wp\/v2\/media?parent=1039"}],"wp:term":[{"taxonomy":"category","embeddable":true,"href":"http:\/\/argentinamunicipal.com.ar\/argentina\/wp-json\/wp\/v2\/categories?post=1039"},{"taxonomy":"post_tag","embeddable":true,"href":"http:\/\/argentinamunicipal.com.ar\/argentina\/wp-json\/wp\/v2\/tags?post=1039"}],"curies":[{"name":"wp","href":"https:\/\/api.w.org\/{rel}","templated":true}]}}