{"id":104022,"date":"2020-06-12T08:02:22","date_gmt":"2020-06-12T11:02:22","guid":{"rendered":"http:\/\/argentinamunicipal.com.ar\/argentina\/?p=104022"},"modified":"2020-06-12T08:02:22","modified_gmt":"2020-06-12T11:02:22","slug":"perotti-pone-en-juego-capital-politico-y-apuesta-a-una-salida-mixta","status":"publish","type":"post","link":"http:\/\/argentinamunicipal.com.ar\/argentina\/perotti-pone-en-juego-capital-politico-y-apuesta-a-una-salida-mixta\/","title":{"rendered":"Perotti pone en juego capital pol\u00edtico y apuesta a una salida mixta"},"content":{"rendered":"<p>El gobernador se convirti\u00f3 en una especie de \u00abcontroller\u00bb de la operaci\u00f3n Vicentin. Quiere un \u00abrescate\u00bb, pero no \u00abexpropiaci\u00f3n\u00bb.<\/p>\n<p>Omar Perotti sabe que buena parte de su capital pol\u00edtico se juega en el desenlace de la operaci\u00f3n de captaci\u00f3n estatal a Vicentin. Y logr\u00f3 ganar tiempo tras el c\u00f3nclave de ayer, aunque el proceso de intervenci\u00f3n sigue adelante.<\/p>\n<p>Es el peronista de rostro m\u00e1s amable con los sectores productivos de la provincia y triunf\u00f3 en Reconquista, pese a que el gobierno del Frente Progresista construy\u00f3 un hospital gigante e hizo numerosas obras m\u00e1s. Esos productores lo miran ahora con lupa. En el mientras tanto deber\u00e1 rogar que el presidente de la Naci\u00f3n escuche m\u00e1s su opini\u00f3n que la de Cristina Kirchner, quien espera el proyecto de expropiaci\u00f3n en el Senado como man\u00e1 del cielo.<\/p>\n<p>A tal punto sabe el gobernador que pol\u00edticamente es trascendente la resoluci\u00f3n del episodio que se convirti\u00f3 en una pieza clave para que la relaci\u00f3n entre los empresarios y el gobierno no volara por los aires. El primer movimiento fue de respaldo a la decisi\u00f3n del presidente de avanzar en la intervenci\u00f3n, incorporando masa cr\u00edtica para que no sea el proyecto de la senadora mendocina Anabella Fern\u00e1ndez Sagasti el que marque el camino a seguir. Una cosa es lograr la formaci\u00f3n de una empresa mixta, con incorporaci\u00f3n de cooperativas, y otra es llegar al l\u00edmite en el que se diga: \u00abExpr\u00f3piese\u00bb.<\/p>\n<p>Con tonada mendocina<\/p>\n<p>De hecho, en la reuni\u00f3n de anoche en Olivos estuvo Perotti y no la legisladora mendocina. Nadie dio demasiadas explicaciones de por qu\u00e9 tuvo tanta influencia una legisladora cuyana y no los santafesinos. Es como si los senadores locales se hubieran dedicado a presentar proyectos de expropiaci\u00f3n de empresas vitivin\u00edcolas.<\/p>\n<p>Mal presentado, mal resuelto y mal comunicado, Fern\u00e1ndez casi entra en el mismo juego que N\u00e9stor y Cristina Kirchner, en 2008, cuando decretaron la guerra contra el campo. Ese fue uno de los motivos por los que el hoy presidente dej\u00f3 la mesa de los Kirchner. Ahora, estuvo a punto de cometer el mismo error que sus otrora jefes. Con una diferencia: los grandes bancos nacionales aprueban la intervenci\u00f3n para poder cobrar. \u00abEsto es por plata\u00bb, podr\u00edan decir.<\/p>\n<p>Todo el gabinete de Perotti est\u00e1 en contra de la expropiaci\u00f3n de Vicentin. El que lo verbaliz\u00f3 fue el ministro de Producci\u00f3n, Daniel Costamagna, quien tiene la camiseta puesta de las aceiteras y cerealeras, pero, adem\u00e1s, es amigo m\u00e1s que funcionario de Perotti. Adem\u00e1s del titular de Producci\u00f3n, toda la l\u00ednea del Ministerio de Econom\u00eda, encabeza por Walter Agosto, no quieren ni estar cerca de la palabra \u00abexpropiaci\u00f3n\u00bb.<\/p>\n<p>\u00abNadie est\u00e1 a favor de la expropiaci\u00f3n de una empresa santafesina, pero no hablamos porque Omar (por Perotti) hace dos d\u00edas que no aparece por la Gobernaci\u00f3n. No sabemos muy bien en qu\u00e9 anda\u00bb, dijo ayer a este diario una fuente muy alta del Ejecutivo.<\/p>\n<p>Moviendo la estanter\u00eda<\/p>\n<p>Ayer, la Gobernaci\u00f3n estaba casi vac\u00eda y repleta de rumores entre los pocos que la habitaban. Pasaron cosas extra\u00f1as. En medio del m\u00e9rito a la gesti\u00f3n por la lucha contra el coronavirus renunci\u00f3 el ministro de Salud. Perotti supo ponerle el \u00absilenciador\u00bb a la situaci\u00f3n y olvidarse r\u00e1pidamente de Carlos Parola. A partir del 15 de junio pr\u00f3ximo, asumir\u00e1 Sonia Martorano.<\/p>\n<p>Parola deber\u00eda haber esperado el fin de la pandemia para irse del cargo. Dicen que no estaba de acuerdo con la composici\u00f3n del ministerio y que se quejaba por la presencia de segundas y terceras l\u00edneas kirchneristas y socialistas. Es la versi\u00f3n m\u00e1s liviana que circula por los pasillos de la Casa Gris. La salida de Parola acelera lo que Perotti ten\u00eda pensado accionar una vez que lo peor haya pasado: cambiar algunas piezas del gabinete que no funcionan. \u00bfSer\u00e1?<\/p>\n<p>De regreso de la ciudad de Buenos Aires, Perotti deber\u00e1 ser un controller del proceso de intervenci\u00f3n de la agroexportadora. Habr\u00e1 que ver si en el cap\u00edtulo Vicentin empieza a jugarse el partido que muchos quieren ver entre el presidente y su vice o, como viene ocurriendo, ambos coinciden en sus intereses. Hay, en esta instancia, otro jugador clave: Perotti.<\/p>\n<h6>Fuente: La Capital<\/h6>\n","protected":false},"excerpt":{"rendered":"<p>El gobernador se convirti\u00f3 en una especie de \u00abcontroller\u00bb de la operaci\u00f3n Vicentin. Quiere un \u00abrescate\u00bb, pero no \u00abexpropiaci\u00f3n\u00bb.<\/p>\n","protected":false},"author":2,"featured_media":104023,"comment_status":"closed","ping_status":"closed","sticky":false,"template":"","format":"standard","meta":{"footnotes":""},"categories":[4],"tags":[10],"class_list":["post-104022","post","type-post","status-publish","format-standard","has-post-thumbnail","hentry","category-informe-politico","tag-santa-fe"],"_links":{"self":[{"href":"http:\/\/argentinamunicipal.com.ar\/argentina\/wp-json\/wp\/v2\/posts\/104022","targetHints":{"allow":["GET"]}}],"collection":[{"href":"http:\/\/argentinamunicipal.com.ar\/argentina\/wp-json\/wp\/v2\/posts"}],"about":[{"href":"http:\/\/argentinamunicipal.com.ar\/argentina\/wp-json\/wp\/v2\/types\/post"}],"author":[{"embeddable":true,"href":"http:\/\/argentinamunicipal.com.ar\/argentina\/wp-json\/wp\/v2\/users\/2"}],"replies":[{"embeddable":true,"href":"http:\/\/argentinamunicipal.com.ar\/argentina\/wp-json\/wp\/v2\/comments?post=104022"}],"version-history":[{"count":0,"href":"http:\/\/argentinamunicipal.com.ar\/argentina\/wp-json\/wp\/v2\/posts\/104022\/revisions"}],"wp:featuredmedia":[{"embeddable":true,"href":"http:\/\/argentinamunicipal.com.ar\/argentina\/wp-json\/wp\/v2\/media\/104023"}],"wp:attachment":[{"href":"http:\/\/argentinamunicipal.com.ar\/argentina\/wp-json\/wp\/v2\/media?parent=104022"}],"wp:term":[{"taxonomy":"category","embeddable":true,"href":"http:\/\/argentinamunicipal.com.ar\/argentina\/wp-json\/wp\/v2\/categories?post=104022"},{"taxonomy":"post_tag","embeddable":true,"href":"http:\/\/argentinamunicipal.com.ar\/argentina\/wp-json\/wp\/v2\/tags?post=104022"}],"curies":[{"name":"wp","href":"https:\/\/api.w.org\/{rel}","templated":true}]}}