{"id":104083,"date":"2020-06-16T07:28:08","date_gmt":"2020-06-16T10:28:08","guid":{"rendered":"http:\/\/argentinamunicipal.com.ar\/argentina\/?p=104083"},"modified":"2020-06-16T07:28:08","modified_gmt":"2020-06-16T10:28:08","slug":"rosario-el-operativo-para-apagar-los-incendios-en-las-islas-ya-demando-unos-60-millones","status":"publish","type":"post","link":"http:\/\/argentinamunicipal.com.ar\/argentina\/rosario-el-operativo-para-apagar-los-incendios-en-las-islas-ya-demando-unos-60-millones\/","title":{"rendered":"Rosario: El operativo para apagar los incendios en las islas ya demand\u00f3 unos $ 60 millones"},"content":{"rendered":"<p>Desde el gobierno nacional quieren que los due\u00f1os de los campos donde se inician las quemas paguen los costos de los operativos.<\/p>\n<p>El ministro de Ambiente y Desarrollo Sostenible, Juan Cabandi\u00e9, y la ministra de Ambiente y Cambio Clim\u00e1tico de Santa Fe, Erika Gonnet, sobrevolaron ayer al mediod\u00eda la zona de islas afectadas por el fuego y destacaron el trabajo realizado por los brigadistas para combatir las llamas. \u00abTenemos la firme voluntad de detener estas quemas\u00bb, afirm\u00f3 el funcionario nacional y adelant\u00f3 que se presentar\u00e1 en la Justicia para solicitar que los due\u00f1os de los campos donde se inician las llamas asuman el costo de los operativos. Seg\u00fan estimaciones oficiales, el Ministerio de Seguridad nacional ya destin\u00f3 60 millones de pesos desde febrero. Para Gonnet, las quemas de pastizales son \u00abpr\u00e1cticas absolutamente irresponsables\u00bb que deben tener \u00abfuertes sanciones\u00bb.<\/p>\n<p>Los funcionarios llegaron al mediod\u00eda al aeroclub de la localidad de Alvear, el centro del operativo montado este fin de semana para sofocar los puntos de fuego detectados en el delta del Paran\u00e1. De acuerdo a las im\u00e1genes satelitales, ayer se pod\u00edan contar unos 40 focos de fuego en las islas que est\u00e1n sujetas a protecci\u00f3n. El humo producido por los incendios volvi\u00f3 a sentirse en Rosario y en otras localidades cercanas, hasta donde tambi\u00e9n llegaron cenizas producto de la combusti\u00f3n de la vegetaci\u00f3n.<\/p>\n<p>El ministro de Ambiente relacion\u00f3 los incendios con la utilizaci\u00f3n del fuego para promover el rebrote de pastos tiernos para la alimentaci\u00f3n del ganado que los productores llevan a la isla para completar su engorde. \u00abSabemos que es una pr\u00e1ctica que se ha intensificado en los \u00faltimos a\u00f1os, pero vamos a combatirla por la gravedad de las consecuencias que provoca para el ambiente y la salud p\u00fablica, afectando mucho a los habitantes de las zonas aleda\u00f1as\u00bb, sostuvo Cabandi\u00e9.<\/p>\n<p>Y adelant\u00f3 que presentar\u00e1 una denuncia judicial contra quienes desarrollan estas pr\u00e1cticas. \u00abVoy a solicitar que todo el gasto del gobierno nacional en el combate de este fuego irracional sea computado a los due\u00f1os de los campos donde se han hecho las quemas\u00bb, sostuvo y record\u00f3 que recientemente, mediante resoluci\u00f3n ministerial, se requiri\u00f3 a la provincia de Entre R\u00edos los datos catastrales y de titularidad dominial, a fin de identificar los propietarios de los terrenos que est\u00e1n bajo fuego.<\/p>\n<p>Si bien oficialmente no se informaron los costos de los operativos, fuentes que participan de las acciones estimaron que s\u00f3lo el movimiento de aviones y helic\u00f3pteros demand\u00f3 desde el viernes unos 11 millones de pesos, sin contar lo que significa movilizar las brigadas. En total, sostienen, con los operativos desarrollados desde el verano, el Ministerio de Seguridad de la Naci\u00f3n ya destin\u00f3 unos 60 millones de pesos en mitigar los incendios en las islas.<\/p>\n<p>\u00abLo que est\u00e1 sucediendo es producto de la irresponsabilidad de ciertas pr\u00e1cticas que no desconocen los riesgos\u00bb<br \/>\nEn esta oportunidad, la provincia de Santa Fe asumi\u00f3 el costo del alimento y el combustible, mientas que el municipio de Rosario se hizo cargo del alojamiento de las cuadrillas.<\/p>\n<p>La Ministra de Ambiente y Cambio Clim\u00e1tico de Santa Fe comparti\u00f3 la necesidad de cargar los costos de los operativos a los productores agropecuarios. \u00abEs impactante y muy desagradable ver c\u00f3mo la l\u00ednea se fuego se extiende kil\u00f3metros y kil\u00f3metros. Y hay que advertir que no se trata de un fen\u00f3meno natural, como la sequ\u00eda y la bajante del r\u00edo, sino de la irresponsabilidad de ciertas pr\u00e1cticas que se realizan a sabiendas de que esto conlleva grandes riesgos (para el ecosistema de las islas y la salud de la poblaci\u00f3n) por los que tenemos que movilizar recursos y poner en riesgo la vida de personas como los brigadistas\u00bb, sostuvo.<\/p>\n<p><strong>M\u00e1s que dos vacas<\/strong><\/p>\n<p>Para Gonnet, las multas que aplica Entre Rios a los due\u00f1os de los campos son m\u00ednimas. \u00abLos montos no significan nada, son dos o tres vacas\u00bb, asegur\u00f3.<\/p>\n<p>La funcionaria consider\u00f3 necesario volver a abrir el debate sobre el uso de los terrenos de las islas, \u00abnecesitamos preservarlas, darles un uso sustentable, porque claramente el uso que se hace actualmente de los humedales va en contra de su preservaci\u00f3n\u00bb.<\/p>\n<p>En este sentido destac\u00f3 la reuni\u00f3n que el viernes mantuvieron referentes de las \u00e1reas de Seguridad, Ambiente y Ganader\u00eda del gobierno nacional con funcionarios de Entre R\u00edos y Santa Fe y de la intendencia de Rosario. \u00abEn 2008, cuando el problema adquiri\u00f3 una magnitud similar a la actual, avanzamos en el acuerdo del Piecas (Plan Integral Estrat\u00e9gico para la Conservaci\u00f3n y Aprovechamiento Sustentable del Delta del Paran\u00e1). Creo que hay que retomar este punto de partida para continuar el trabajo\u00bb, sostuvo.<\/p>\n<p>En la elaboraci\u00f3n del plan se plantearon discusiones sobre los usos y la necesidad de preservar los humedales. Sin embargo, el programa perdi\u00f3 fuerza, tan pronto como el humo se alej\u00f3 de la vista.<\/p>\n<h6>Fuente: La Capital<\/h6>\n","protected":false},"excerpt":{"rendered":"<p>Desde el gobierno nacional quieren que los due\u00f1os de los campos donde se inician las quemas paguen los costos de los operativos.<\/p>\n","protected":false},"author":2,"featured_media":104084,"comment_status":"closed","ping_status":"closed","sticky":false,"template":"","format":"standard","meta":{"footnotes":""},"categories":[2],"tags":[10],"class_list":["post-104083","post","type-post","status-publish","format-standard","has-post-thumbnail","hentry","category-informe-municipal","tag-santa-fe"],"_links":{"self":[{"href":"http:\/\/argentinamunicipal.com.ar\/argentina\/wp-json\/wp\/v2\/posts\/104083","targetHints":{"allow":["GET"]}}],"collection":[{"href":"http:\/\/argentinamunicipal.com.ar\/argentina\/wp-json\/wp\/v2\/posts"}],"about":[{"href":"http:\/\/argentinamunicipal.com.ar\/argentina\/wp-json\/wp\/v2\/types\/post"}],"author":[{"embeddable":true,"href":"http:\/\/argentinamunicipal.com.ar\/argentina\/wp-json\/wp\/v2\/users\/2"}],"replies":[{"embeddable":true,"href":"http:\/\/argentinamunicipal.com.ar\/argentina\/wp-json\/wp\/v2\/comments?post=104083"}],"version-history":[{"count":0,"href":"http:\/\/argentinamunicipal.com.ar\/argentina\/wp-json\/wp\/v2\/posts\/104083\/revisions"}],"wp:featuredmedia":[{"embeddable":true,"href":"http:\/\/argentinamunicipal.com.ar\/argentina\/wp-json\/wp\/v2\/media\/104084"}],"wp:attachment":[{"href":"http:\/\/argentinamunicipal.com.ar\/argentina\/wp-json\/wp\/v2\/media?parent=104083"}],"wp:term":[{"taxonomy":"category","embeddable":true,"href":"http:\/\/argentinamunicipal.com.ar\/argentina\/wp-json\/wp\/v2\/categories?post=104083"},{"taxonomy":"post_tag","embeddable":true,"href":"http:\/\/argentinamunicipal.com.ar\/argentina\/wp-json\/wp\/v2\/tags?post=104083"}],"curies":[{"name":"wp","href":"https:\/\/api.w.org\/{rel}","templated":true}]}}