{"id":104168,"date":"2020-06-18T05:22:50","date_gmt":"2020-06-18T08:22:50","guid":{"rendered":"http:\/\/argentinamunicipal.com.ar\/argentina\/?p=104168"},"modified":"2020-06-18T07:25:06","modified_gmt":"2020-06-18T10:25:06","slug":"la-justicia-de-santa-fe-avalo-la-intervencion-de-la-cerealera-vicentin","status":"publish","type":"post","link":"http:\/\/argentinamunicipal.com.ar\/argentina\/la-justicia-de-santa-fe-avalo-la-intervencion-de-la-cerealera-vicentin\/","title":{"rendered":"La Justicia de Santa Fe aval\u00f3 la intervenci\u00f3n de la cerealera Vicentin"},"content":{"rendered":"<p>El juez Fabi\u00e1n Lorenzini quien est\u00e1 al frente del concurso de acreedores de la empresa, acept\u00f3 el pedido de ratificaci\u00f3n del subinterventor designado por el Gobierno.<\/p>\n<p>El juez en lo Civil y Comercial de Reconquista, Fabi\u00e1n Lorenzini, quien lleva adelante el concurso de acreedores de la empresa Vicentin, acept\u00f3 el pedido de ratificaci\u00f3n en su cargo del subinterventor designado por el Gobierno nacional, Luciano Zarich, afirmaron este mi\u00e9rcoles fuentes judiciales.<\/p>\n<p>En una resoluci\u00f3n fechada ayer, el juez Lorenzini aval\u00f3 la intervenci\u00f3n de la firma, cuya tarea es recolectar elementos que permitan el rescate de la compa\u00f1\u00eda,\u00a0en principio a trav\u00e9s de la figura de la expropiaci\u00f3n, que debe necesariamente darse a trav\u00e9s de una ley del Congreso.<\/p>\n<p>Zarich se hizo cargo de la compa\u00f1\u00eda el jueves pasado al rubricar el acta de traspaso con integrantes del directorio en la sede Avellaneda de Vicentin.<\/p>\n<p>El interventor designado por el Gobierno es Gabriel Delgado, quien por el momento no podr\u00e1 asumir la responsabilidad debido a que se encuentra convaleciente de una intervenci\u00f3n quir\u00fargica.<\/p>\n<p>La intervenci\u00f3n fue dispuesta a trav\u00e9s del Decreto de Necesidad y Urgencia n\u00famero 522\/2020, publicado el martes 10 de junio en el Bolet\u00edn Oficial.<\/p>\n<p>Ese mismo d\u00eda, Zarich notific\u00f3 la designaci\u00f3n de las nuevas autoridades dispuestas por el gobierno nacional en la empresa agroexportadora ante el juez Fabi\u00e1n Lorenzini, que tramita el concurso preventivo de la compa\u00f1\u00eda.<\/p>\n<h6>Fuente: La Nueva Ma\u00f1ana<\/h6>\n","protected":false},"excerpt":{"rendered":"<p>El juez Fabi\u00e1n Lorenzini quien est\u00e1 al frente del concurso de acreedores de la empresa, acept\u00f3 el pedido de ratificaci\u00f3n del subinterventor designado por el Gobierno.<\/p>\n","protected":false},"author":2,"featured_media":104169,"comment_status":"closed","ping_status":"closed","sticky":false,"template":"","format":"standard","meta":{"footnotes":""},"categories":[4],"tags":[10],"class_list":["post-104168","post","type-post","status-publish","format-standard","has-post-thumbnail","hentry","category-informe-politico","tag-santa-fe"],"_links":{"self":[{"href":"http:\/\/argentinamunicipal.com.ar\/argentina\/wp-json\/wp\/v2\/posts\/104168","targetHints":{"allow":["GET"]}}],"collection":[{"href":"http:\/\/argentinamunicipal.com.ar\/argentina\/wp-json\/wp\/v2\/posts"}],"about":[{"href":"http:\/\/argentinamunicipal.com.ar\/argentina\/wp-json\/wp\/v2\/types\/post"}],"author":[{"embeddable":true,"href":"http:\/\/argentinamunicipal.com.ar\/argentina\/wp-json\/wp\/v2\/users\/2"}],"replies":[{"embeddable":true,"href":"http:\/\/argentinamunicipal.com.ar\/argentina\/wp-json\/wp\/v2\/comments?post=104168"}],"version-history":[{"count":0,"href":"http:\/\/argentinamunicipal.com.ar\/argentina\/wp-json\/wp\/v2\/posts\/104168\/revisions"}],"wp:featuredmedia":[{"embeddable":true,"href":"http:\/\/argentinamunicipal.com.ar\/argentina\/wp-json\/wp\/v2\/media\/104169"}],"wp:attachment":[{"href":"http:\/\/argentinamunicipal.com.ar\/argentina\/wp-json\/wp\/v2\/media?parent=104168"}],"wp:term":[{"taxonomy":"category","embeddable":true,"href":"http:\/\/argentinamunicipal.com.ar\/argentina\/wp-json\/wp\/v2\/categories?post=104168"},{"taxonomy":"post_tag","embeddable":true,"href":"http:\/\/argentinamunicipal.com.ar\/argentina\/wp-json\/wp\/v2\/tags?post=104168"}],"curies":[{"name":"wp","href":"https:\/\/api.w.org\/{rel}","templated":true}]}}