{"id":104406,"date":"2020-06-26T06:38:06","date_gmt":"2020-06-26T09:38:06","guid":{"rendered":"http:\/\/argentinamunicipal.com.ar\/argentina\/?p=104406"},"modified":"2020-06-26T06:38:06","modified_gmt":"2020-06-26T09:38:06","slug":"alberto-fernandez-en-no-mucho-tiempo-mas-la-economia-va-a-funcionar-a-pleno","status":"publish","type":"post","link":"http:\/\/argentinamunicipal.com.ar\/argentina\/alberto-fernandez-en-no-mucho-tiempo-mas-la-economia-va-a-funcionar-a-pleno\/","title":{"rendered":"Alberto Fern\u00e1ndez: \u00abEn no mucho tiempo m\u00e1s, la econom\u00eda va a funcionar a pleno\u00bb"},"content":{"rendered":"<p>El Presidente particip\u00f3 de un acto de manera virtual desde la Quinta de Olivos y destac\u00f3 a los \u00abargentinos que creen e invierten en su pa\u00eds\u00bb.<\/p>\n<p>Alberto Fern\u00e1ndez\u00a0dijo este jueves que \u00aben no mucho tiempo m\u00e1s la econom\u00eda va a funcionar a pleno\u00bb y destac\u00f3 a los \u00abargentinos que creen e invierten su pa\u00eds\u00bb, como los que integran la empresa Pampa Energ\u00eda, al inaugurar -por teleconferencia- la ampliaci\u00f3n de una planta de generaci\u00f3n t\u00e9rmica.<\/p>\n<p>\u00abEstoy contento de ver empresarios argentinos que apostaron y acompa\u00f1an a la Argentina en este momento dif\u00edcil\u00bb, dijo el jefe de Estado y agreg\u00f3: \u00abUno se irrita cuando hacen mal uso de los cr\u00e9ditos y dejan deudas en el Banco Naci\u00f3n y quiebras sus empresas, pero no es el caso de Pampa\u00bb.<\/p>\n<p>El mandatario destac\u00f3 las inversiones energ\u00e9ticas que realiz\u00f3 la empresa en los \u00faltimos a\u00f1os y afirm\u00f3: \u201cEste el camino correcto, y por mucho que me critiquen, me pone muy contento que lo hagan capitales argentinos\u201d.<\/p>\n<p>\u201cHace muchos a\u00f1os, cuando llegamos con N\u00e9stor, nos propusimos la idea de que asociemos el capital privado y al p\u00fablico para lograr lo que los argentinos necesitan: el desarrollo energ\u00e9tico, que para cualquier econom\u00eda que quiere crecer se convierte en un insumo esencial, del que no se puede prescindir\u201d, se\u00f1al\u00f3 Fern\u00e1ndez y resalt\u00f3 que esta iniciativa \u201cest\u00e1 respondiendo a lo que son los objetivos centrales del Gobierno\u201d.<\/p>\n<p>La incorporaci\u00f3n de una nueva turbina de gas y el cierre del segundo ciclo combinado convirtieron a Genelba en la planta el\u00e9ctrica m\u00e1s grande y moderna del pa\u00eds, con 1237 MW de potencia, alcanzando el 7 por ciento de la generaci\u00f3n de energ\u00eda nacional y brindando su acceso a un estimado de 2,5 millones de hogares.<\/p>\n<p>El ciclo combinado tiene la ventaja de generar mayor cantidad de electricidad sin consumir m\u00e1s combustible, ya que la turbina de vapor es alimentada por los gases que emanan de las turbinas de gas. Este proceso aumenta considerablemente su eficiencia y contribuye al mayor cuidado del medio ambiente.<\/p>\n<p>\u201cAs\u00ed se construye la Argentina, con el esfuerzo de todos, asociando el capital privado al p\u00fablico y apostando al desarrollo y al crecimiento del pa\u00eds\u201d, destac\u00f3 el jefe de Estado y concluy\u00f3: \u201cEn no mucho tiempo m\u00e1s, la econom\u00eda va a funcionar a pleno y va a necesitar mucho de esta energ\u00eda\u201d.<\/p>\n<h6>Fuente: Minuto UNo<\/h6>\n","protected":false},"excerpt":{"rendered":"<p>El Presidente particip\u00f3 de un acto de manera virtual desde la Quinta de Olivos y destac\u00f3 a los \u00abargentinos que creen e invierten en su pa\u00eds\u00bb.<\/p>\n","protected":false},"author":2,"featured_media":104407,"comment_status":"closed","ping_status":"closed","sticky":false,"template":"","format":"standard","meta":{"footnotes":""},"categories":[8],"tags":[21],"class_list":["post-104406","post","type-post","status-publish","format-standard","has-post-thumbnail","hentry","category-informe-nacional","tag-argentina"],"_links":{"self":[{"href":"http:\/\/argentinamunicipal.com.ar\/argentina\/wp-json\/wp\/v2\/posts\/104406","targetHints":{"allow":["GET"]}}],"collection":[{"href":"http:\/\/argentinamunicipal.com.ar\/argentina\/wp-json\/wp\/v2\/posts"}],"about":[{"href":"http:\/\/argentinamunicipal.com.ar\/argentina\/wp-json\/wp\/v2\/types\/post"}],"author":[{"embeddable":true,"href":"http:\/\/argentinamunicipal.com.ar\/argentina\/wp-json\/wp\/v2\/users\/2"}],"replies":[{"embeddable":true,"href":"http:\/\/argentinamunicipal.com.ar\/argentina\/wp-json\/wp\/v2\/comments?post=104406"}],"version-history":[{"count":0,"href":"http:\/\/argentinamunicipal.com.ar\/argentina\/wp-json\/wp\/v2\/posts\/104406\/revisions"}],"wp:featuredmedia":[{"embeddable":true,"href":"http:\/\/argentinamunicipal.com.ar\/argentina\/wp-json\/wp\/v2\/media\/104407"}],"wp:attachment":[{"href":"http:\/\/argentinamunicipal.com.ar\/argentina\/wp-json\/wp\/v2\/media?parent=104406"}],"wp:term":[{"taxonomy":"category","embeddable":true,"href":"http:\/\/argentinamunicipal.com.ar\/argentina\/wp-json\/wp\/v2\/categories?post=104406"},{"taxonomy":"post_tag","embeddable":true,"href":"http:\/\/argentinamunicipal.com.ar\/argentina\/wp-json\/wp\/v2\/tags?post=104406"}],"curies":[{"name":"wp","href":"https:\/\/api.w.org\/{rel}","templated":true}]}}