{"id":104551,"date":"2020-06-30T07:46:39","date_gmt":"2020-06-30T10:46:39","guid":{"rendered":"http:\/\/argentinamunicipal.com.ar\/argentina\/?p=104551"},"modified":"2020-06-30T07:46:39","modified_gmt":"2020-06-30T10:46:39","slug":"disena-santa-fe-abrira-este-fin-de-semana-en-la-estacion-belgrano","status":"publish","type":"post","link":"http:\/\/argentinamunicipal.com.ar\/argentina\/disena-santa-fe-abrira-este-fin-de-semana-en-la-estacion-belgrano\/","title":{"rendered":"Dise\u00f1a Santa Fe abrir\u00e1 este fin de semana en la Estaci\u00f3n Belgrano"},"content":{"rendered":"<p>Bajo una edici\u00f3n especial a cielo abierto, la tradicional feria contar\u00e1 con la participaci\u00f3n de 30 emprendimientos.<\/p>\n<p>A partir de este fin de semana, la Municipalidad propone un reencuentro con los emprendimientos que participan de La Dise\u00f1a, teniendo en cuenta la necesidad del sector de recuperar espacios de comercializaci\u00f3n presencial y atendiendo adem\u00e1s a las habilitaciones que otorg\u00f3 el gobierno provincial a trav\u00e9s el decreto 0497\/20 para la realizaci\u00f3n de actividades art\u00edsticas y artesanales a cielo abierto, en plazas, parques y paseos.<\/p>\n<p>Para ello, se defini\u00f3 en conjunto con los dise\u00f1adores realizar la feria en la explanada de la\u00a0Estaci\u00f3n Belgrano este s\u00e1bado y domingo, de 12 a 18,\u00a0aplicando un protocolo elaborado por la Municipalidad con medidas de higiene y recomendaciones que permiten cuidar la salud de los emprendedores y del p\u00fablico.<\/p>\n<p>El espacio, ubicado en Bv. G\u00e1lvez 1150, se eligi\u00f3 porque est\u00e1 muy referenciado a la actividad y garantiza al mismo tiempo contar con un espacio abierto y c\u00f3modo para la circulaci\u00f3n del p\u00fablico, con las medidas de distanciamiento necesarias entre los distintos stands.<\/p>\n<p>Se acord\u00f3 que La Dise\u00f1a funcione con 15 puestos cada tarde, lo que permitir\u00e1 mantener las distancias recomendadas, garantizar una rotaci\u00f3n de emprendimientos que brinde oportunidades a todos los que quieran participar y evitar al mismo tiempo la concentraci\u00f3n de personas recorriendo los puestos.\u00a0Es importante aclarar que en caso de lluvia, la actividad se suspende.<\/p>\n<p>Protocolo<br \/>\nPara el montaje de los puestos de La Dise\u00f1a se tendr\u00e1 en cuenta el\u00a0protocolo\u00a0que desarroll\u00f3 la Municipalidad y que present\u00f3 oportunamente ante el Ministerio de Trabajo de la provincia para el funcionamiento general de las ferias. La Dise\u00f1a tendr\u00e1 accesos en sus extremos, se mantendr\u00e1 una distancia m\u00ednima de 2 metros entre los stands; y se solicita que entre el p\u00fablico y la mercader\u00eda medie, como m\u00ednimo, un metro de distancia.<\/p>\n<p>En cuanto a la\u00a0atenci\u00f3n, ser\u00e1 personalizada,\u00a0de modo que el p\u00fablico no entre en contacto con la mercader\u00eda sino hasta el momento de la adquisici\u00f3n. Adem\u00e1s, se dar\u00e1 atenci\u00f3n prioritaria para adultos mayores y embarazadas.<\/p>\n<p>Tambi\u00e9n por protocolo se sugiere la implementaci\u00f3n de pedidos anticipados para todos los feriantes que puedan hacerlo, por v\u00edas electr\u00f3nicas, telef\u00f3nicas u otras, con el objetivo de minimizar la recorrida y permanencia en la feria. En cuanto al\u00a0pago, se pide que en la medida de lo posible sea a trav\u00e9s de medios electr\u00f3nicos; y en caso de manipular dinero en efectivo, tanto el vendedor como el comprador se deber\u00e1n desinfectar las manos luego de la operaci\u00f3n.<\/p>\n<p>Todo el equipamiento de cada puesto ser\u00e1\u00a0higienizado\u00a0en profundidad al inicio y al final de la jornada. Las vitrinas y superficies de acero se higienizar\u00e1n con una soluci\u00f3n de 70 por ciento alcohol puro y 30 por ciento de agua cada 30 minutos. En cada punto de venta se contar\u00e1 con dispensador de alcohol en gel para el p\u00fablico y auxiliares.<\/p>\n<p>Dentro de un mismo puesto, como m\u00e1ximo puede haber dos personas siempre que mantengan una distancia m\u00ednima de 1,5 entre ellas. Todos\u00a0los emprendedores estar\u00e1n vestidos con la indumentaria adecuada,\u00a0utilizar\u00e1n barbijos\/tapa bocas, en lo posible guantes de l\u00e1tex y cambiarlos, realizando frecuente lavado de manos con agua y jab\u00f3n o desinfecci\u00f3n con alcohol en gel.<\/p>\n<p>Tambi\u00e9n se solicita a vendedores, auxiliares y al p\u00fablico en general no saludarse ni con un beso, un abrazo o con la mano; estornudar y toser en el pliegue del codo, y evitar el contacto de las manos con el rostro. Se\u00a0recomienda\u00a0a los vendedores, velar en todo momento por el cumplimiento de estas recomendaciones. Y todos aquellos que presenten s\u00edntomas similares a los del Covid-19 (fiebre m\u00e1s tos, fiebre m\u00e1s dolor de garganta, fiebre m\u00e1s dificultad para respirar) deber\u00e1n informar a la organizaci\u00f3n y no concurrir a la feria.<\/p>\n<p>Para el p\u00fablico en general, se pide la utilizaci\u00f3n de barbijo o tapabocas, mantener la distancia m\u00ednima de 1.5 metros con respecto a otras personas, no tocar la mercader\u00eda exhibida y mantenerse a 1 metro de ella.<\/p>\n<p>En caso de cualquier irregularidad, se solicita comunicarse a la l\u00ednea de Atenci\u00f3n Ciudadana, al 0800-555-6549.<\/p>\n<h6>Fuente: Sin MOrdaza<\/h6>\n","protected":false},"excerpt":{"rendered":"<p>Bajo una edici\u00f3n especial a cielo abierto, la tradicional feria contar\u00e1 con la participaci\u00f3n de 30 emprendimientos.<\/p>\n","protected":false},"author":2,"featured_media":104552,"comment_status":"closed","ping_status":"closed","sticky":false,"template":"","format":"standard","meta":{"footnotes":""},"categories":[47],"tags":[10],"class_list":["post-104551","post","type-post","status-publish","format-standard","has-post-thumbnail","hentry","category-fiestas","tag-santa-fe"],"_links":{"self":[{"href":"http:\/\/argentinamunicipal.com.ar\/argentina\/wp-json\/wp\/v2\/posts\/104551","targetHints":{"allow":["GET"]}}],"collection":[{"href":"http:\/\/argentinamunicipal.com.ar\/argentina\/wp-json\/wp\/v2\/posts"}],"about":[{"href":"http:\/\/argentinamunicipal.com.ar\/argentina\/wp-json\/wp\/v2\/types\/post"}],"author":[{"embeddable":true,"href":"http:\/\/argentinamunicipal.com.ar\/argentina\/wp-json\/wp\/v2\/users\/2"}],"replies":[{"embeddable":true,"href":"http:\/\/argentinamunicipal.com.ar\/argentina\/wp-json\/wp\/v2\/comments?post=104551"}],"version-history":[{"count":0,"href":"http:\/\/argentinamunicipal.com.ar\/argentina\/wp-json\/wp\/v2\/posts\/104551\/revisions"}],"wp:featuredmedia":[{"embeddable":true,"href":"http:\/\/argentinamunicipal.com.ar\/argentina\/wp-json\/wp\/v2\/media\/104552"}],"wp:attachment":[{"href":"http:\/\/argentinamunicipal.com.ar\/argentina\/wp-json\/wp\/v2\/media?parent=104551"}],"wp:term":[{"taxonomy":"category","embeddable":true,"href":"http:\/\/argentinamunicipal.com.ar\/argentina\/wp-json\/wp\/v2\/categories?post=104551"},{"taxonomy":"post_tag","embeddable":true,"href":"http:\/\/argentinamunicipal.com.ar\/argentina\/wp-json\/wp\/v2\/tags?post=104551"}],"curies":[{"name":"wp","href":"https:\/\/api.w.org\/{rel}","templated":true}]}}