{"id":104786,"date":"2020-07-07T07:19:09","date_gmt":"2020-07-07T10:19:09","guid":{"rendered":"http:\/\/argentinamunicipal.com.ar\/argentina\/?p=104786"},"modified":"2020-07-07T07:19:09","modified_gmt":"2020-07-07T10:19:09","slug":"neuquen-la-pandemia-acelero-una-crisis-que-se-cocinaba-hace-dos-anos","status":"publish","type":"post","link":"http:\/\/argentinamunicipal.com.ar\/argentina\/neuquen-la-pandemia-acelero-una-crisis-que-se-cocinaba-hace-dos-anos\/","title":{"rendered":"Neuqu\u00e9n: La pandemia aceler\u00f3 una crisis que se cocinaba hace dos a\u00f1os"},"content":{"rendered":"<p>Los comercios de Neuqu\u00e9n atraviesan un delicado momento. La vuelta atr\u00e1s por el aumento de contagios cerr\u00f3 un mes de aperturas que no alcanz\u00f3 a equilibrar los n\u00fameros. El margen de maniobra se acota por el arrastre de una econom\u00eda deteriorada.<\/p>\n<p>Las estimaciones de cierres de comercios y de p\u00e9rdida de puestos de empleo asustan. Tanto como una pandemia mundial por una enfermedad que no tiene vacuna y le reza a un pu\u00f1ado de medicamentos, todav\u00eda, experimentales. Bronca. El comerciante siente bronca, desesperaci\u00f3n y hasta impotencia. No alcanza la ayuda estatal para el pago de sueldos, los cr\u00e9ditos blandos y el aplazamiento de impuestos, entre otras medidas. La situaci\u00f3n es tan dram\u00e1tica e inexplicable que ese enemigo intangible, el coronavirus, hace suponer que las decisiones son caprichosas y no hay cifras sanitarias que convenzan.<\/p>\n<p>Se espera una crisis mundial sin precedentes. Los economistas, para dimensionarla, dicen que ser\u00e1 peor que la de 1930. Ese material hist\u00f3rico no alcanza para consolar al comerciante neuquino. \u201cNo damos mas\u201d, \u201csi siguen las restricciones vamos a cerrar definitivamente\u201d y \u201cno alcanza con el delivery\u201d, son algunas de las frases que se repiten. Tampoco persuaden los n\u00fameros globales de la covid-19: 10,7 millones de infectados y 516.000 v\u00edctimas fatales.<\/p>\n<p>Muy pocos son los que pudieron hacerle frente a m\u00e1s de 100 d\u00edas con cuarentena, flexibilizaciones, restricciones y una nueva normalidad, de la que solo conocemos que la clave es no circular o hacerlo poco. El \u00faltimo reporte en Neuqu\u00e9n, elaborado por Acipan, indica que\u00a0219 comercios cerraron sus puertas entre el a\u00f1o pasado y mayo de 2020.<\/p>\n<p>La aceleraci\u00f3n evidenciada responde directamente a las dificultades causadas por las medidas de aislamiento para contener la pandemia. Sin embargo, lo que podr\u00eda ser la colisi\u00f3n contra el iceberg tiene antecedentes que llegan, por lo menos, a 24 meses atr\u00e1s.<\/p>\n<p>Entre 2015 y 2019 el n\u00famero de locales cerrados, que releva la C\u00e1mara de Comercio en Neuqu\u00e9n capital, salt\u00f3 de 77 a 295. Es decir que el impacto negativo se triplic\u00f3 en apenas cuatro a\u00f1os. El dato relevado por el equipo econ\u00f3mico de los empresarios neuquinos muestra adem\u00e1s un crecimiento exponencial en la brecha entre comercios de la zona del Bajo y los del Alto. Siempre se identific\u00f3 a la primera con el consumo popular y a la segunda con las compras de mayor poder adquisitivo. El gr\u00e1fico muestra c\u00f3mo la crisis se concentr\u00f3 mayormente en la \u00faltima de las zona.<\/p>\n<p>Si bien Neuqu\u00e9n logr\u00f3 resistir el impacto de las devaluaciones y los aumentos de tarifa, porque se dec\u00eda que era una \u201cisla\u201d producto de la actividad petrolera, no pudo evitar el impacto de la p\u00e9rdida real de los salarios, fundamentalmente del sector privado, y la consiguiente reducci\u00f3n del poder de compra.<\/p>\n<p>Los haberes promedio del sector petrolero, medidos en d\u00f3lares, perdieron casi el 50% en apenas cuatro a\u00f1os. Cabe recordar en que en enero de 2017 se firm\u00f3, con acuerdo del sindicato de Petroleros Privados que dirige Guillermo Pereyra, la adenda para Vaca Muerta que signific\u00f3 una flexibilizaci\u00f3n laboral para la masa trabajadora.<\/p>\n<p>Incluso hay otro dato que es muy significativo para la econom\u00eda neuquina y el comercio local. Tambi\u00e9n se achat\u00f3 la abultada diferencia que existe entre los salarios petroleros y el promedio de sueldos del sector privado.<\/p>\n<p>Eso se tradujo al comercio. Por ejemplo, el n\u00famero de operaciones en supermercados, es decir la cantidad de tickets, no alcanz\u00f3 a reflejar el crecimiento en metros cuadrados que tuvo el sector en los a\u00f1os del boom de Vaca Muerta. En marzo de 2015 se contabilizaron 1,8 millones de ventas en h\u00edper y supermercados. Cuatro a\u00f1os despu\u00e9s, en 2019, el n\u00famero apenas creci\u00f3 y cerr\u00f3 en 2 millones de operaciones. El mismo dato para marzo pasado, con los primeros d\u00edas de la cuarentena, fue de 1,7 millones.<\/p>\n<p>Solo recientemente, pese a la pandemia, los n\u00fameros del sector mejoraron levemente. Desde mediados de 2018 y hasta mediados de 2019, las ventas de los supermercados de la provincia ven\u00edan cayendo, en t\u00e9rminos interanuales, a un ritmo del 10% mensual. Durante el segundo semestre del a\u00f1o pasado, con meses alternados de subas y bajas, las ventas se mantuvieron estancadas.<\/p>\n<p>Lo que sirvi\u00f3 como un atenuante para la econom\u00eda neuquina, el blindaje de los desarrollos petroleros, tambi\u00e9n tuvo su golpe de gracia a finales de 2019 cuando, despu\u00e9s de las PASO, el gobierno Nacional decidi\u00f3 congelar el precio de los combustibles y trasladar ese costo al valor del barril de petr\u00f3leo. Pese a que la medida se levant\u00f3 tras la derrota del oficialismo en las elecciones generales, la industria no volvi\u00f3 a hacer pie y comenz\u00f3 una retracci\u00f3n que llev\u00f3 a despidos y suspensiones.<\/p>\n<p>Finalmente las medidas de aislamiento por el coronavirus, que afectaron la demanda de combustibles, agudiz\u00f3 la crisis a tal punto que puso en stand by a Vaca Muerta y a unos 15.000 operarios, que est\u00e1n en sus casas cobrando un salario m\u00ednimo, algo que para el consumo neuquino representa casi el golpe de gracia.<\/p>\n<p><strong>En n\u00fameros<\/strong><br \/>\n<strong>77 <\/strong>comercios cerrados relev\u00f3 el Observatorio Econ\u00f3mico de Acipan en 2015. La cifra subi\u00f3 a 295 el a\u00f1o pasado.<\/p>\n<p><strong>15.000 <\/strong>operarios petroleros se encuentran suspendidos cobrando salarios b\u00e1sicos en sus casas. El acuerdo se extendi\u00f3 hasta agosto.<\/p>\n<p><strong>Gastron\u00f3micos advierten por cierres<\/strong><\/p>\n<p>Los comerciantes gastron\u00f3micos de toda la provincia ven con mucha preocupaci\u00f3n la recesi\u00f3n en la actividad y m\u00e1s a\u00fan los locales de Neuqu\u00e9n, Plottier y Centenario que desde el mi\u00e9rcoles volvieron a estar autorizados solamente al delivery, retiro en puerta y atenci\u00f3n seg\u00fan la terminaci\u00f3n de DNI de los clientes.<\/p>\n<p>Afirman que si se hace una pr\u00f3rroga de las restricciones m\u00e1s all\u00e1 de las pr\u00f3ximas dos semanas significar\u00e1 el cierre definitivo de muchos comercios.<\/p>\n<p>\u201cCreo que el l\u00edmite son estos 15 d\u00edas. Hubo gente que el \u00faltimo proyecto que ten\u00eda lo invirti\u00f3 en comprar materia prima para volver. Si en 15 d\u00edas no se reactiva a va a ser el momento m\u00e1s triste de todo el comerciante. No creo que se puede aguantar m\u00e1s\u201d, sostuvo Cristian Pareja, due\u00f1o de Buenos Aires Caf\u00e9.<\/p>\n<p>\u201cEl fuerte son las mesas. Hago n\u00fameros y no hay forma de sostenerlo solo con el delivery y yo tengo hace 25 a\u00f1os el delivery. No me imagino al que lo tuvo que sumar ahora\u201d, se\u00f1al\u00f3 Marcelo Apablaza, due\u00f1o de pizzer\u00eda Cabildo. \u201cEncima que se trabajaba mal, nos vuelven a restringir el sal\u00f3n. Armar todo un protocolo para tenerlo unas pocas semanas y que despu\u00e9s haya que volverlo a cerrar parece una tomada de pelo\u201d, agreg\u00f3.<\/p>\n<p>Coment\u00f3 que tiene 19 empleados, pero que solo est\u00e1n yendo a trabajar seis. Dijo que en junio factur\u00f3 un 25% de lo que hac\u00eda antes de la pandemia.<\/p>\n<p>Jorge Bascur, secretario general de Uthgra Neuqu\u00e9n, se\u00f1al\u00f3 que a\u00fan no se sabe con precisi\u00f3n cu\u00e1ntos son los locales que est\u00e1n cerrados por las restricciones o los que est\u00e1n con las persianas bajas de manera definitiva.<\/p>\n<p>Dijo tambi\u00e9n que hay \u201cmuchos que se hacen los distra\u00eddos, pero una gran parte de los trabajadores solo est\u00e1 cobrando lo que env\u00eda la Anses\u201d.<\/p>\n<p>Gustavo Amman, de la Asociaci\u00f3n de Hoteler\u00eda y Gastronom\u00eda de Neuqu\u00e9n, lament\u00f3 que de no de haber un repunte esperan cierres de locales durante este mes.<\/p>\n<p><strong>Cuando las cuotas llegaron al barrio<\/strong><\/p>\n<p>Una de las fotos de la aceleraci\u00f3n de la crisis del sector comercial fue la llegada del pago en cuotas en los comercios de barrio. En mayo de 2018 R\u00edo Negro recorri\u00f3 almacenes y verduler\u00edas donde el uso de la tarjeta de cr\u00e9dito era toda una novedad. \u201cEst\u00e1 tan muerto que tuvimos que buscar la manera de que le sea m\u00e1s accesible a la gente\u201d, relat\u00f3 la propietaria de un mercado en Avenida del Trabajador y Gregorio Mart\u00ednez. Lo que fue una rareza por entonces termin\u00f3 como una alternativa instalada para los vecinos.<\/p>\n<p><strong>AN\u00c1LISIS: Pandemia o cuarentena, el debate que suma la grieta<\/strong><\/p>\n<p>Qui\u00e9n puede negar que existe una aguda crisis econ\u00f3mica. Qui\u00e9n puede, con sensatez, quitar del an\u00e1lisis la existencia de una pandemia mundial para la que a\u00fan no hay cura. Sin embargo, las aguas en el pa\u00eds y, menor medida en la regi\u00f3n, no est\u00e1n quietas. Lo que al principio parec\u00eda un sin\u00f3nimo, no por la similitud de significados sino por la uni\u00f3n ante el miedo a la enfermedad, el tiempo y curva de contagios, por ahora controlada, lo alejaron y hasta lo convirtieron en ant\u00f3nimos. Cuarentena y pandemia se divorciaron. Deber\u00eda sonar irracional que alguien busque interponer el inter\u00e9s econ\u00f3mico personal por sobre la salud colectiva en medio de una crisis sanitaria. Pero no lo es y tampoco deber\u00eda ser juzgado. La grieta que divide desde hace a\u00f1os al pa\u00eds volvi\u00f3 a reavivarse. Quiz\u00e1 por el costo minimizado que la enfermedad tiene, por el momento, en el pa\u00eds. En momentos extraordinarios surgen planteos y pensamientos extraordinarios que solo el tiempo hist\u00f3rico pondr\u00e1 en su lugar. Por eso es necesario sumar la mayor cantidad de elementos a la hora de tomar decisiones. Neuqu\u00e9n tiene datos sobre los que puede reflexionar. La actividad comercial estuvo casi a pleno durante junio antes de volver a las restricciones. El mes no alcanz\u00f3 para recuperar el terreno perdido ni para mejorar la recaudaci\u00f3n del Estado. Sin embargo, y no por culpa del comercio, los casos confirmados, los fallecidos y la ocupaci\u00f3n de camas se triplic\u00f3. Este raro virus exige otras decisiones m\u00e1s all\u00e1 del todo o nada.<\/p>\n<h6>Fuente: R\u00edo Negro<\/h6>\n","protected":false},"excerpt":{"rendered":"<p>Los comercios de Neuqu\u00e9n atraviesan un delicado momento. La vuelta atr\u00e1s por el aumento de contagios cerr\u00f3 un mes de aperturas que no alcanz\u00f3 a equilibrar los n\u00fameros.<\/p>\n","protected":false},"author":2,"featured_media":104787,"comment_status":"closed","ping_status":"closed","sticky":false,"template":"","format":"standard","meta":{"footnotes":""},"categories":[65],"tags":[23],"class_list":["post-104786","post","type-post","status-publish","format-standard","has-post-thumbnail","hentry","category-provincias","tag-neuquen"],"_links":{"self":[{"href":"http:\/\/argentinamunicipal.com.ar\/argentina\/wp-json\/wp\/v2\/posts\/104786","targetHints":{"allow":["GET"]}}],"collection":[{"href":"http:\/\/argentinamunicipal.com.ar\/argentina\/wp-json\/wp\/v2\/posts"}],"about":[{"href":"http:\/\/argentinamunicipal.com.ar\/argentina\/wp-json\/wp\/v2\/types\/post"}],"author":[{"embeddable":true,"href":"http:\/\/argentinamunicipal.com.ar\/argentina\/wp-json\/wp\/v2\/users\/2"}],"replies":[{"embeddable":true,"href":"http:\/\/argentinamunicipal.com.ar\/argentina\/wp-json\/wp\/v2\/comments?post=104786"}],"version-history":[{"count":0,"href":"http:\/\/argentinamunicipal.com.ar\/argentina\/wp-json\/wp\/v2\/posts\/104786\/revisions"}],"wp:featuredmedia":[{"embeddable":true,"href":"http:\/\/argentinamunicipal.com.ar\/argentina\/wp-json\/wp\/v2\/media\/104787"}],"wp:attachment":[{"href":"http:\/\/argentinamunicipal.com.ar\/argentina\/wp-json\/wp\/v2\/media?parent=104786"}],"wp:term":[{"taxonomy":"category","embeddable":true,"href":"http:\/\/argentinamunicipal.com.ar\/argentina\/wp-json\/wp\/v2\/categories?post=104786"},{"taxonomy":"post_tag","embeddable":true,"href":"http:\/\/argentinamunicipal.com.ar\/argentina\/wp-json\/wp\/v2\/tags?post=104786"}],"curies":[{"name":"wp","href":"https:\/\/api.w.org\/{rel}","templated":true}]}}